{"id":640,"date":"2022-02-12T16:10:32","date_gmt":"2022-02-12T15:10:32","guid":{"rendered":"http:\/\/www.gunner.es\/Mil\/?p=640"},"modified":"2022-02-12T17:43:37","modified_gmt":"2022-02-12T16:43:37","slug":"descargas-difusion-de-la-aeronautica-en-sevilla","status":"publish","type":"post","link":"https:\/\/www.gunner.es\/Mil\/index.php\/2022\/02\/12\/descargas-difusion-de-la-aeronautica-en-sevilla\/","title":{"rendered":"Descargas: Difusi\u00f3n de la aeron\u00e1utica en Sevilla."},"content":{"rendered":"<p><img loading=\"lazy\" decoding=\"async\" class=\"aligncenter wp-image-656\" src=\"https:\/\/www.gunner.es\/Mil\/wp-content\/uploads\/2022\/02\/IMG_0799-retocada.jpg\" alt=\"\" width=\"612\" height=\"411\" srcset=\"https:\/\/www.gunner.es\/Mil\/wp-content\/uploads\/2022\/02\/IMG_0799-retocada.jpg 847w, https:\/\/www.gunner.es\/Mil\/wp-content\/uploads\/2022\/02\/IMG_0799-retocada-300x201.jpg 300w, https:\/\/www.gunner.es\/Mil\/wp-content\/uploads\/2022\/02\/IMG_0799-retocada-768x515.jpg 768w, https:\/\/www.gunner.es\/Mil\/wp-content\/uploads\/2022\/02\/IMG_0799-retocada-380x254.jpg 380w, https:\/\/www.gunner.es\/Mil\/wp-content\/uploads\/2022\/02\/IMG_0799-retocada-285x190.jpg 285w\" sizes=\"auto, (max-width: 612px) 100vw, 612px\" \/><\/p>\n<p>Gracias por las alabanzas y buenos comentarios que me hab\u00e9is hecho llegar acerca de los contenidos que publico en este mi blog militar. Mis disculpas a los que critican la poca frecuencia con que publico. Nunca promet\u00ed una periodicidad determinada, pero entiendo que la calidad de los art\u00edculos os est\u00e1 compensando, sino no estar\u00edais aqu\u00ed de nuevo. \u00bfVerdad mis apreciados lectores?<\/p>\n<p>En esta ocasi\u00f3n, y mientras doy forma al post que estoy preparando sobre la <a href=\"https:\/\/es.wikipedia.org\/wiki\/Fuerza_A%C3%A9rea_Argentina\" target=\"_blank\" rel=\"noopener\">Fuerza A\u00e9rea Argentina<\/a>, me dirijo a ustedes para traerles documentos sobre un tema que me toca muy de cerca, nutriendo as\u00ed el <a href=\"https:\/\/www.gunner.es\/Mil\/index.php\/pagina-descargas\/\" target=\"_blank\" rel=\"noopener\">\u00e1rea de descargas<\/a>.<\/p>\n<p>La historia de <a href=\"https:\/\/es.wikipedia.org\/wiki\/Sevilla\" target=\"_blank\" rel=\"noopener\"><em>Sevilla<\/em><\/a> se encuentra \u00edntimamente ligada al mundo de la aviaci\u00f3n desde que en 1910 se celebrase en antiguo el <em>Hip\u00f3dromo municipal de Tablada<\/em> la \u201c<a href=\"http:\/\/www.aerohispanoblog.com\/tablada-1910-mas-de-un-siglo-como-testigo-de-la-aviacion-espanola-en-sevilla\/\" target=\"_blank\" rel=\"noopener\">Semana de la Aviaci\u00f3n<\/a>\u201d y, posteriormente, fuese inaugurada la <a href=\"https:\/\/ejercitodelaire.defensa.gob.es\/EA\/centenariobasesaereas\/tablada\/multimedia.html\" target=\"_blank\" rel=\"noopener\"><em>Base A\u00e9rea de Tablada<\/em><\/a> en abril del 1923 por el rey <a href=\"https:\/\/es.wikipedia.org\/wiki\/Alfonso_XIII_de_Espa%C3%B1a\" target=\"_blank\" rel=\"noopener\"><em>Alfonso XIII<\/em><\/a>. Desde entonces el Ej\u00e9rcito, la Aviaci\u00f3n y la Industria han constituido un n\u00facleo simbi\u00f3tico que, a pesar de las vicisitudes por las que ha atravesado, ha dado y sigue dando grandes momentos a la sociedad espa\u00f1ola, repercutiendo especialmente sobre los sectores industrial y econ\u00f3micos andaluces.<\/p>\n<p>En la actualidad la aviaci\u00f3n es algo habitual, pero en sus inicios era aventurarse en lo desconocido y arrojarse a lo incierto, convirtiendo a los primeros aviadores en aut\u00e9nticos caballeros del aire, protagonistas de gestas imposibles que en algunos casos llegaba a costarles la vida. El aer\u00f3dromo de Tablada, entre otras muchas caracter\u00edsticas, fue punto de origen y\/o destino de las primeras l\u00edneas a\u00e9reas comerciales y raids a\u00e9reos que pretend\u00edan atravesar el <em>Atl\u00e1ntico sur<\/em>, como el recientemente relatado por el presidente de la <a href=\"http:\/\/www.feada.org\/\" target=\"_blank\" rel=\"noopener\">Federaci\u00f3n Andaluza de Deportes A\u00e9reos<\/a>, Don <em><a href=\"https:\/\/www.youtube.com\/watch?v=nP34v85LXZ0\" target=\"_blank\" rel=\"noopener\">Antonio Garc\u00eda Mart\u00ednez<\/a><\/em>, en el n\u00famero de <a href=\"https:\/\/www.tabladacentenariaaviacion.es\/wp-content\/uploads\/2022\/02\/REVISTA-TABLADA-FEBRERO-2022.pdf\" target=\"_blank\" rel=\"noopener\">febrero de 2022<\/a> de la \u201c<a href=\"https:\/\/www.tabladacentenariaaviacion.es\/revista\/\" target=\"_blank\" rel=\"noopener\">Revista Tablada Centenaria<\/a>\u201d. As\u00ed mismo la antigua <em><a href=\"https:\/\/es.wikipedia.org\/wiki\/Hispano_Aviaci%C3%B3n\" target=\"_blank\" rel=\"noopener\">Hispano Aviaci\u00f3n<\/a><\/em> desde 1937 fue, desde su vieja sede en la C\/ San Jacinto, clara impulsora de florecimiento de la industria aeron\u00e1utica y de defensa espa\u00f1olas, con los beneficios que ello aporta a cualquier sociedad.<\/p>\n<p>Hoy d\u00eda el <a href=\"https:\/\/es.wikipedia.org\/wiki\/Aeropuerto_de_Sevilla\" target=\"_blank\" rel=\"noopener\">Aeropuerto de San Pablo<\/a>, la Factor\u00eda de <a href=\"https:\/\/www.defensa.com\/galeria\/airbus-defensce-and-space-sevilla\" target=\"_blank\" rel=\"noopener\">Airbus Defense and Space Sevilla<\/a> y el <a href=\"https:\/\/www.aeropolis.es\/\" target=\"_blank\" rel=\"noopener\">Parque Tecnol\u00f3gico Aeroespacial de Andaluc\u00eda (<em>Aer\u00f3polis<\/em><\/a>), siguen manteniendo viva la llama que prendieron aquellos pioneros all\u00e1 a principios del siglo pasado.<\/p>\n<p>A lo largo de los a\u00f1os Sevilla ha mostrado esa especial relaci\u00f3n a trav\u00e9s de varios actos conmemorativos de repercusi\u00f3n nacional e internacional. Y son precisamente los folletos de algunos de esos actos los que vengo a traerles:<\/p>\n<ul>\n<li><a href=\"https:\/\/www.gunner.es\/Mil\/wp-content\/uploads\/2022\/02\/Hangar-05-Sevilla-distrito-aeronautico-2005.pdf\" target=\"_blank\" rel=\"noopener\">Hangar 05 Sevilla distrito aeron\u00e1utico &#8211; 2005.pdf<\/a>. Folleto del ciclo de actividades, la exposici\u00f3n de <a href=\"http:\/\/sevillaciudad.sevilla.abc.es\/reportajes\/casco-antiguo\/cultura-casco-antiguo\/las-naves-del-barranco-son-de-eiffel\/\">Naves del Barranco<\/a> y su ciclo de conferencias.<\/li>\n<li><a href=\"https:\/\/www.gunner.es\/Mil\/wp-content\/uploads\/2022\/02\/Concentracion-50-anos-Saeta-2005.pdf\" target=\"_blank\" rel=\"noopener\">Concentraci\u00f3n 50 a\u00f1os Saeta &#8211; 2005.pdf<\/a>. Folleto del vuelo conmemorativo en formaci\u00f3n del \u00ab<em><a href=\"https:\/\/es.wikipedia.org\/wiki\/Hispano_Aviaci%C3%B3n_HA-200_Saeta\" target=\"_blank\" rel=\"noopener\">Saeta<\/a><\/em>\u00bb y del \u00ab<a href=\"https:\/\/es.wikipedia.org\/wiki\/Eurofighter_Typhoon\" target=\"_blank\" rel=\"noopener\"><em>Eurofighter<\/em><\/a>&#8216;; El primero y el m\u00e1s reciente de los reactores fabricados en Espa\u00f1a. Aviones \u00abSaeta\u00bb de la <em><a href=\"https:\/\/fio.es\/\" target=\"_blank\" rel=\"noopener\">Fundaci\u00f3n Infante de Orleans<\/a><\/em> y avi\u00f3n Eurofighter EF-2000 Ala 11.<\/li>\n<li><a href=\"https:\/\/www.gunner.es\/Mil\/wp-content\/uploads\/2022\/02\/Exposicion-50-anos-Saeta-2005.pdf\" target=\"_blank\" rel=\"noopener\">Exposici\u00f3n 50 a\u00f1os Saeta &#8211; 2005.pdf<\/a>. Folleto de la exposici\u00f3n en el <a href=\"https:\/\/www.alcazarsevilla.org\/salas-del-real-alcazar\/apeadero-apeadero-alighting-area\/\" target=\"_blank\" rel=\"noopener\"><em>Apeadero del Real Alc\u00e1zar<\/em><\/a> que acogi\u00f3 una doble exposici\u00f3n en la que se mostraban maquetas, instrumentos, motores, libros, planos, documentos y otras piezas hist\u00f3ricas.<\/li>\n<li><a href=\"https:\/\/www.gunner.es\/Mil\/wp-content\/uploads\/2022\/02\/Exposicion-100-anos-de-Aviacion-Pabellon-del-Futuro-2010.pdf\" target=\"_blank\" rel=\"noopener\">Exposici\u00f3n 100 a\u00f1os de Aviaci\u00f3n &#8211; Pabell\u00f3n del Futuro &#8211; 2010.pdf<\/a>. Folleto de la exposici\u00f3n de aeronaves del <em><a href=\"https:\/\/ejercitodelaire.defensa.gob.es\/EA\/museodelaire\/index.html\" target=\"_blank\" rel=\"noopener\">Museo del Aire<\/a><\/em>, maquetas, y trabajos de la <a href=\"https:\/\/www.us.es\/estudiar\/que-estudiar\/oferta-de-grados\/grado-en-ingenieria-aeroespacial\" target=\"_blank\" rel=\"noopener\">Escuela de Ingenieros aeron\u00e1uticos de Sevilla<\/a>.<\/li>\n<li><a href=\"https:\/\/www.gunner.es\/Mil\/wp-content\/uploads\/2022\/02\/Un-siglo-de-Historia-Aeronautica-Sevilla-2010.pdf\" target=\"_blank\" rel=\"noopener\">Un siglo de Historia Aeron\u00e1utica \u2013 Sevilla 2010.pdf<\/a>. Excelente folleto resumen de la historia de la Aviaci\u00f3n en Sevilla patrocinado por el Ayto. de Sevilla conmemorando el centenario de la aviaci\u00f3n en la capital andaluza.<\/li>\n<li><a href=\"https:\/\/www.gunner.es\/Mil\/wp-content\/uploads\/2022\/02\/SolarImpulse-2016.pdf\" target=\"_blank\" rel=\"noopener\">SolarImpulse \u2013 2016.pdf<\/a>. Folleto de la visita del avi\u00f3n solar experimental pionero que, en su periplo para dar la vuelta al mundo movido \u00fanicamente por energ\u00eda solar, aterriz\u00f3 fue acogido temporalmente en una de sus etapas en las instalaciones de Airbus del aeropuerto de San Pablo.<\/li>\n<\/ul>\n<blockquote><p>Conf\u00edo y estoy seguro de que <em>Sevilla<\/em> y <em>Andaluc\u00eda<\/em> seguir\u00e1n desarrollando y promoviendo, mediante nuevos congresos, exposiciones, exhibiciones y publicaciones, iniciativas para sacar a la luz p\u00fablica y a los ciudadanos tanto la historia pasada como el futuro de esa especial relaci\u00f3n que mantiene con el mundo de la aviaci\u00f3n y que alimenta los sue\u00f1os de muchos de nosotros.<\/p><\/blockquote>\n<p>En fin\u2026 espero que estos documentos que he digitalizado para ustedes os sean inter\u00e9s y\/o utilidad \u2013 dif\u00edcilmente los encontraran fuera de esta web \u2013. Pueden usarlos con toda libertad, aunque lo deseable ser\u00eda que me citasen como fuente de los mismos.<\/p>\n<p>Un saludo, Damas y\/o Caballeros.<\/p>\n<p>P.d.: Pensando&#8230; veo que se pueden escribir muchas cosas sobre la trascendencia de la aviaci\u00f3n en Sevilla\/Andaluc\u00eda\u2026 se me ocurre un art\u00edculo sobre la <em><a href=\"http:\/\/www.gunner.es\/Gallery\/index.php?\/albums\/base-aerea-de-moron-de-la-frontera\/\" target=\"_blank\" rel=\"noopener\">B.A. de Mor\u00f3n de la Frontera<\/a><\/em>&#8230;Hummm\u2026 Nos vemos ah\u00ed arriba!!!<\/p>\n<p>\ud83d\ude2e<\/p>\n","protected":false},"excerpt":{"rendered":"<p>Gracias por las alabanzas y buenos comentarios que me hab\u00e9is hecho llegar acerca de los contenidos que publico en este mi blog militar. Mis disculpas a los que critican la poca frecuencia con que publico. Nunca promet\u00ed una periodicidad determinada, pero entiendo que la calidad de los art\u00edculos os est\u00e1 compensando, sino no estar\u00edais aqu\u00ed<\/p>\n<p class=\"more-link\"><a href=\"https:\/\/www.gunner.es\/Mil\/index.php\/2022\/02\/12\/descargas-difusion-de-la-aeronautica-en-sevilla\/\" class=\"themebutton2\">Read More<\/a><\/p>\n","protected":false},"author":2,"featured_media":0,"comment_status":"open","ping_status":"open","sticky":false,"template":"","format":"standard","meta":{"footnotes":""},"categories":[14],"tags":[12,16,15],"class_list":["post-640","post","type-post","status-publish","format-standard","hentry","category-descarga","tag-descarga","tag-exhibicion","tag-museo"],"_links":{"self":[{"href":"https:\/\/www.gunner.es\/Mil\/index.php\/wp-json\/wp\/v2\/posts\/640","targetHints":{"allow":["GET"]}}],"collection":[{"href":"https:\/\/www.gunner.es\/Mil\/index.php\/wp-json\/wp\/v2\/posts"}],"about":[{"href":"https:\/\/www.gunner.es\/Mil\/index.php\/wp-json\/wp\/v2\/types\/post"}],"author":[{"embeddable":true,"href":"https:\/\/www.gunner.es\/Mil\/index.php\/wp-json\/wp\/v2\/users\/2"}],"replies":[{"embeddable":true,"href":"https:\/\/www.gunner.es\/Mil\/index.php\/wp-json\/wp\/v2\/comments?post=640"}],"version-history":[{"count":15,"href":"https:\/\/www.gunner.es\/Mil\/index.php\/wp-json\/wp\/v2\/posts\/640\/revisions"}],"predecessor-version":[{"id":662,"href":"https:\/\/www.gunner.es\/Mil\/index.php\/wp-json\/wp\/v2\/posts\/640\/revisions\/662"}],"wp:attachment":[{"href":"https:\/\/www.gunner.es\/Mil\/index.php\/wp-json\/wp\/v2\/media?parent=640"}],"wp:term":[{"taxonomy":"category","embeddable":true,"href":"https:\/\/www.gunner.es\/Mil\/index.php\/wp-json\/wp\/v2\/categories?post=640"},{"taxonomy":"post_tag","embeddable":true,"href":"https:\/\/www.gunner.es\/Mil\/index.php\/wp-json\/wp\/v2\/tags?post=640"}],"curies":[{"name":"wp","href":"https:\/\/api.w.org\/{rel}","templated":true}]}}