{"id":2738,"date":"2025-12-07T22:35:49","date_gmt":"2025-12-07T20:35:49","guid":{"rendered":"https:\/\/www.gunner.es\/Mil\/?p=2738"},"modified":"2026-03-22T11:23:35","modified_gmt":"2026-03-22T09:23:35","slug":"salvemos-lepanto","status":"publish","type":"post","link":"https:\/\/www.gunner.es\/Mil\/index.php\/2025\/12\/07\/salvemos-lepanto\/","title":{"rendered":"Salvemos Lepanto!!!"},"content":{"rendered":"<p><img loading=\"lazy\" decoding=\"async\" class=\"aligncenter wp-image-2815 size-full\" src=\"https:\/\/www.gunner.es\/Mil\/wp-content\/uploads\/2025\/12\/44202a43-5b27-410a-a7ef-120947f92ced-1.jpg\" alt=\"\" width=\"1623\" height=\"1023\" srcset=\"https:\/\/www.gunner.es\/Mil\/wp-content\/uploads\/2025\/12\/44202a43-5b27-410a-a7ef-120947f92ced-1.jpg 1623w, https:\/\/www.gunner.es\/Mil\/wp-content\/uploads\/2025\/12\/44202a43-5b27-410a-a7ef-120947f92ced-1-300x189.jpg 300w, https:\/\/www.gunner.es\/Mil\/wp-content\/uploads\/2025\/12\/44202a43-5b27-410a-a7ef-120947f92ced-1-1024x645.jpg 1024w, https:\/\/www.gunner.es\/Mil\/wp-content\/uploads\/2025\/12\/44202a43-5b27-410a-a7ef-120947f92ced-1-768x484.jpg 768w, https:\/\/www.gunner.es\/Mil\/wp-content\/uploads\/2025\/12\/44202a43-5b27-410a-a7ef-120947f92ced-1-1536x968.jpg 1536w\" sizes=\"auto, (max-width: 1623px) 100vw, 1623px\" \/><\/p>\n<p style=\"text-align: justify\">Cerca de mi lugar habitual de trabajo hay una preciosa iglesia, una aut\u00e9ntica maravilla, una joya del <em><a href=\"https:\/\/es.wikipedia.org\/wiki\/Barroco\" target=\"_blank\" rel=\"noopener\">Barroco<\/a><\/em>: <a href=\"https:\/\/es.wikipedia.org\/wiki\/Iglesia_de_Santa_Mar%C3%ADa_Magdalena_(Sevilla)\" target=\"_blank\" rel=\"noopener\"><em>La Iglesia de la Magdalena<\/em><\/a>. A veces me acerco a ella, me siento en silencio en su capilla sacramental y le pido. Le pido por mi familia, por mis amigos, por la gente que me importa y, como no, tambi\u00e9n por m\u00ed.<\/p>\n<p style=\"text-align: justify\">Hace unos d\u00edas llov\u00eda en <a href=\"https:\/\/es.wikipedia.org\/wiki\/Sevilla\" target=\"_blank\" rel=\"noopener\"><em>Sevilla<\/em><\/a>, un d\u00eda gris, frio, oto\u00f1al. Chispeaba, la sensaci\u00f3n t\u00e9rmica era francamente desagradable. Llegaba algo m\u00e1s tarde de lo que sol\u00eda. El atasco, las obras en la autov\u00eda, los dem\u00e1s conductores pendientes de sus propios problemas y las noticias poco alentadoras en la radio, &#8230;, en fin, la vida a c\u00e1mara lenta. Al llegar a la oficina salud\u00e9 cordialmente a los compa\u00f1eros del control de acceso y ellos me devolvieron el saludo con amabilidad.<\/p>\n<p style=\"text-align: justify\">Iba vestido casi como todos estos d\u00edas invernales, <a href=\"https:\/\/www.decathlon.es\/es\/p\/botas-de-caza-solognac-sporthunt-500-hombre-ligeras-resistentes-transpirables\/_\/R-p-333020?mc=8645926&amp;LGWCODE=2&amp;gclsrc=aw.ds&amp;&amp;utm_source=google&amp;utm_medium=cpc&amp;utm_campaign=es_t-perf_pmax_n-deca-d_otm-pi-ga-per-pts&amp;utm_id=22471060736_&amp;gad_source=1&amp;gad_campaignid=22471072214&amp;gclid=Cj0KCQiA6NTJBhDEARIsAB7QHD0e84hKZ3jmK3xDgPraU9DYcDdOZedRXUTcaouLkrFG-4sCq9dRM0waAmJaEALw_wcB\" target=\"_blank\" rel=\"noopener\">botas de caza<\/a> de <a href=\"https:\/\/www.decathlon.es\/es\" target=\"_blank\" rel=\"noopener\"><em>Decathlon<\/em><\/a>, anchos pantal\u00f3n cargo negros, polo blanco de manga larga, braga al cuello, cortavientos impermeable gris y malet\u00edn de documentos. Debido al fr\u00edo ese d\u00eda hab\u00eda incorporado un gorro de lana negra con forro interior que compr\u00e9 en la ciudad de mi \u00faltimo viaje &#8211; un lugar m\u00e1gico e incre\u00edble, pero esa es otra historia -. Ese a\u00f1adido respecto a mi indumentaria habitual me confer\u00eda un cierto aire marcial. Tanto que los compa\u00f1eros me dijeron:<\/p>\n<p style=\"padding-left: 40px\">&#8211; Parece que vas bien preparado para la guerra.<\/p>\n<p style=\"text-align: justify\">Les sonre\u00ed y les repliqu\u00e9:<\/p>\n<p style=\"padding-left: 40px;text-align: justify\">&#8211; Se avecina una guerra. Parece que el mundo lo est\u00e1 deseando.<\/p>\n<p style=\"text-align: justify\">Uno de ellos me dijo:<\/p>\n<p style=\"padding-left: 40px;text-align: justify\">&#8211; Cierto, adem\u00e1s todas las generaciones han vivido una, porqu\u00e9 nosotros \u00edbamos a ser diferentes.<\/p>\n<p style=\"text-align: justify\">Me sorprendi\u00f3 su comentario, as\u00ed que tuvimos un breve intercambio de opiniones acerca de c\u00f3mo estaba el mundo. Ya saben, la <a href=\"https:\/\/es.wikipedia.org\/wiki\/Invasi%C3%B3n_rusa_de_Ucrania\" target=\"_blank\" rel=\"noopener\">guerra de <em>Ucrania<\/em><\/a>, las ambiciones chinas \u2013 <a href=\"https:\/\/es.wikipedia.org\/wiki\/Isla_de_Taiw%C3%A1n\" target=\"_blank\" rel=\"noopener\"><em>Taiw\u00e1n<\/em><\/a> \u2013 y los otros varios conflictos relacionados con <a href=\"https:\/\/es.wikipedia.org\/wiki\/Mundo_%C3%A1rabe\" target=\"_blank\" rel=\"noopener\">el mundo \u00e1rabe<\/a>.<\/p>\n<p style=\"text-align: justify\">Y se preguntar\u00e1n, \u00bfa ver por d\u00f3nde nos sale este hombre? \u00bfQu\u00e9 tendr\u00e1 que ver la <em>Iglesia de La Magdalena<\/em> con su peque\u00f1a charla sobre geopol\u00edtica?<\/p>\n<p style=\"text-align: justify\">Durante la conversaci\u00f3n mencion\u00e9 la importancia de la <a href=\"https:\/\/es.wikipedia.org\/wiki\/Batalla_de_Lepanto\" target=\"_blank\" rel=\"noopener\"><em>Batalla de Lepanto<\/em><\/a> para entender el contexto hist\u00f3rico de la actual <a href=\"https:\/\/es.wikipedia.org\/wiki\/Europa\" target=\"_blank\" rel=\"noopener\"><em>Europa<\/em><\/a>, del actual <a href=\"https:\/\/es.wikipedia.org\/wiki\/Europa\" target=\"_blank\" rel=\"noopener\"><em>Occidente<\/em><\/a>. Entonces, les coment\u00e9 que si ten\u00edan tiempo se acercasen a la iglesia donde precisamente tendr\u00edan la oportunidad de contemplar el enorme y espectacular <a href=\"https:\/\/www.patrimoniodesevilla.es\/el-cuadro-de-la-batalla-de-lepanto-de-la-parroquia-de-la-magdalena\" target=\"_blank\" rel=\"noopener\">cuadro que alberga<\/a> de <a href=\"https:\/\/es.wikipedia.org\/wiki\/Lucas_Vald%C3%A9s\" target=\"_blank\" rel=\"noopener\"><em>Lucas Valdes<\/em><\/a> dedicado a ese indudable hecho hist\u00f3rico.<\/p>\n<p style=\"text-align: justify\"><strong>La batalla de Lepanto.<\/strong><\/p>\n<p style=\"text-align: justify\">Alta mar, viento fresco, sol brillante, la humedad del mar, el r\u00edtmico repiqueteo los tambores, tambores de guerra \u2026 y una nave cargando contra el enemigo.<\/p>\n<p style=\"text-align: justify\">El viento arreciando sobre la plataforma de popa de la cubierta principal de la galera. Imaginen a un joven capit\u00e1n de 24 a\u00f1os, apenas salido de la pubertad, \u2026 apenas un chaval con incipiente perilla y mostacho a la moda de la \u00e9poca. A sus pies 300 o 400 hombres, la mayor\u00eda remeros &#8211; forzados -, el resto, marineros, arcabuceros y soldados. A su lado una gran flota de galeras, galeazas, bergantines y 86.000 hombres \u2013 Nervios, tensi\u00f3n, miedo -: <a href=\"https:\/\/es.wikipedia.org\/wiki\/Liga_Santa_(1571)\" target=\"_blank\" rel=\"noopener\"><em>La Liga Santa<\/em><\/a>. Su mirada clara pero severa mirando al horizonte. Frente a \u00e9l, frente a ellos, 210 galeras, 87 galeotas y fustas, 750 ca\u00f1ones y 88.000 hombres, \u2026 la <a href=\"https:\/\/es.wikipedia.org\/wiki\/Armada_Otomana\" target=\"_blank\" rel=\"noopener\"><em>Armada Otomana<\/em><\/a>.<\/p>\n<p style=\"text-align: justify\">Un horizonte hermoso, sin duda, claro, brillante lleno de m\u00e1stiles, velas y remos dirigidos por almirantes decididos a imponer su poder\u00edo naval y borrar de una vez por todas cualquier tipo de duda acerca de qu\u00e9 imperio dominar\u00eda el mundo.<\/p>\n<p style=\"text-align: justify\"><a href=\"https:\/\/www.abc.es\/historia\/abci-humillante-muerte-juan-austria-heroe-lepanto-abandonado-flandes-201810070220_noticia.html\" target=\"_blank\" rel=\"noopener\"><em>Don Juan de Austria<\/em><\/a> frente a <a href=\"https:\/\/www.abc.es\/historia\/abci-humillante-muerte-juan-austria-heroe-lepanto-abandonado-flandes-201810070220_noticia.html\" target=\"_blank\" rel=\"noopener\"><em>Al\u00ed Baj\u00e1<\/em><\/a>. Un duelo que marcar\u00eda un antes y un despu\u00e9s en la historia del mundo.<\/p>\n<p style=\"text-align: justify\">Demasiada responsabilidad para dos hombres, el destino de oriente y occidente en manos de apenas dos j\u00f3venes imberbes. Imaginen el peso de sus decisiones. \u00bfSabr\u00edan cu\u00e1nta responsabilidad reca\u00eda sobre sus hombros? Mas all\u00e1 del destino de los hombres que en ese momento se aprestaban a luchar \u00bfTendr\u00edan conciencia cu\u00e1n importante ser\u00eda el desenlace de la batalla?<\/p>\n<p style=\"text-align: justify\"><strong>Contexto hist\u00f3rico.<\/strong><\/p>\n<p style=\"text-align: justify\">\u00a1Trasl\u00e1dense mentalmente por un momento a aquella \u00e9poca!<\/p>\n<p style=\"text-align: justify\">Imaginen un mundo donde la religi\u00f3n lo impregna todo: la pol\u00edtica, la econom\u00eda, la sociedad, la cultura, el d\u00eda a d\u00eda, la vida y la muerte. Una sociedad donde el <em>Papa<\/em> o el <em>Sult\u00e1n\/Im\u00e1n<\/em> de turno dicta su verdad acerca del bien y del mal, o del destino del creyente y del infiel.<\/p>\n<p style=\"text-align: justify\"><em>Occidente<\/em> recibe la noticia, la terrible noticia de que <a href=\"https:\/\/es.wikipedia.org\/wiki\/Constantinopla\" target=\"_blank\" rel=\"noopener\"><em>Bizancio\/Constantinopla<\/em><\/a> ha ca\u00eddo; Que esa ciudad monumental, esa metr\u00f3polis fortificada, \u00faltimo reducto amurallado de un <a href=\"https:\/\/es.wikipedia.org\/wiki\/Imperio_bizantino\" target=\"_blank\" rel=\"noopener\">imperio de m\u00e1s de mil a\u00f1os<\/a> ha sido arrasada, saqueada, y que <a href=\"https:\/\/es.wikipedia.org\/wiki\/Mehmed_II\" target=\"_blank\" rel=\"noopener\"><em>Mehmed II<\/em><\/a> ordena convertirla inmediatamente en la nueva capital del imperio otomano y a su gran catedral en mezquita &#8211; seg\u00fan relatan algunas cr\u00f3nicas (aunque algunos lo consideren m\u00e1s mito que realidad) entra a caballo en la inmensa <a href=\"https:\/\/es.wikipedia.org\/wiki\/Santa_Sof%C3%ADa\" target=\"_blank\" rel=\"noopener\"><em>Iglesia de Santa Sof\u00eda<\/em><\/a> y deg\u00fcella a los all\u00ed refugiados -. Acaba de un plumazo con todo resto del viejo imperio romano de oriente y borra completamente cualquier vestigio del cristianismo de aquella antigua pero esplendorosa ciudad de la que era capital.<\/p>\n<p style=\"text-align: justify\">Hay una frase que normalmente suelo usar:<\/p>\n<blockquote><p>\u00abCuando las barbas de tu vecino veas cortar\u2026 pon las tuyas a remojar\u00bb<\/p><\/blockquote>\n<p style=\"text-align: justify\">La desagradable noticia supuso una sorpresa may\u00fascula para la cristiandad, un brutal ba\u00f1o de realidad, una sacudida a los cimientos de la cristiandad. La clase dirigente at\u00f3nita viendo c\u00f3mo la amenaza musulmana se cierne sobre sus territorios; Adem\u00e1s en una \u00e9poca en la que se conquistaba a fuego y cuchillo, donde la vida del ser humano val\u00eda lo que el tiempo que se tardaba en cercenarla\u2026 Ufff, como se suele decir, \u201cpara echarse a temblar\u201d!!!<\/p>\n<p style=\"text-align: justify\">Tras ello, una vez asegurado el terreno y un siglo despu\u00e9s, el <a href=\"https:\/\/es.wikipedia.org\/wiki\/Sitio_de_Malta_(1565\" target=\"_blank\" rel=\"noopener\"><em>Gran Sitio de Malta<\/em><\/a> y la <em>Ca\u00edda de Chipre<\/em>!!!<\/p>\n<p style=\"text-align: justify\">El <a href=\"https:\/\/es.wikipedia.org\/wiki\/P%C3%ADo_V\" target=\"_blank\" rel=\"noopener\"><em>Papa P\u00edo V<\/em><\/a> no perdi\u00f3 el tiempo\u2026 Misivas, correos a caballo corriendo como almas que lleva el diablo, emisarios convocando una coalici\u00f3n militar que intentase frenar la avalancha que se les ven\u00eda encima. Seis meses, 6 tard\u00f3 en formar la <em>Liga Santa<\/em>. Iluminado por el consejo de dios, logr\u00f3 todo un \u201cmilagro pol\u00edtico\u201d sorteando las profundas desconfianzas mutuas y los diferentes intereses pol\u00edticos.<\/p>\n<p style=\"text-align: justify\">Los principales miembros que la formaron fueron:<\/p>\n<ul style=\"text-align: justify\">\n<li><em><strong>La Monarqu\u00eda Hisp\u00e1nica<\/strong><\/em>: El componente m\u00e1s grande y el principal contribuyente financiero, que inclu\u00eda los territorios de la <em>Corona de Castilla<\/em>, la <em>Corona de Arag\u00f3n<\/em>, <em>N\u00e1poles<\/em>, <em>Sicilia<\/em> y <em>Flandes<\/em>, bajo el reinado de <a href=\"https:\/\/es.wikipedia.org\/wiki\/Felipe_II_de_Espa%C3%B1a\" target=\"_blank\" rel=\"noopener\"><em>Felipe II<\/em><\/a>.<\/li>\n<li><strong><em>La Rep\u00fablica de Venecia<\/em><\/strong>: Una potencia naval crucial en el <em>Mediterr\u00e1neo<\/em> oriental, cuya posesi\u00f3n de <em>Chipre<\/em> hab\u00eda sido la causa inmediata del conflicto contra los otomanos.<\/li>\n<li><em><strong>Los Estados Pontificios<\/strong><\/em>: Liderados por el <em>Papa P\u00edo V<\/em>, que fue el art\u00edfice y promotor de la alianza para unir a la cristiandad contra la amenaza otomana.<\/li>\n<li><strong><em>Otras entidades menores<\/em><\/strong>: Tambi\u00e9n participaron la <em>Rep\u00fablica de G\u00e9nova<\/em>, el <em>Ducado de Saboya<\/em> y la <em>Orden de Malta<\/em>, contribuyendo con naves y hombres a la causa com\u00fan.<\/li>\n<li><em><strong>\u00bfFRANCIA?<\/strong><\/em>, &#8230; mejor no hablar de ella&#8230; la nota \u201cdiscordante\u201d. <strong>CABRONES<\/strong>!!!<br \/>\nManten\u00edan una <a href=\"https:\/\/es.wikipedia.org\/wiki\/Alianza_franco-otomana\" target=\"_blank\" rel=\"noopener\">alianza estrat\u00e9gica<\/a> con el <a href=\"https:\/\/es.wikipedia.org\/wiki\/Imperio_otomano\" target=\"_blank\" rel=\"noopener\"><em>Imperio Otomano<\/em><\/a> contra la hegemon\u00eda espa\u00f1ola, coordinando ofensivas y buscando debilitar a <em>Felipe II<\/em>.<\/li>\n<\/ul>\n<p style=\"text-align: justify\">Y todos ellos, aportando cada uno una parte lograron reunir una gran flota combinada que, al mando de <em>Don Juan de Austria<\/em>, hermanastro de <em>Felipe II<\/em>, luch\u00f3 en <em>Lepanto<\/em> para detener la temible amenaza otomana enfrent\u00e1ndose a ellos una batalla que marcar\u00eda el destino de <em>Occidente<\/em>. Lucha brutal de infanter\u00eda en las cubiertas de los barcos, fuego, m\u00e1stiles ca\u00eddos, gritos de furia, gritos de p\u00e1nico, heridos en las cubiertas, cad\u00e1veres flotando en el agua, el mar te\u00f1ido de rojo. Un panorama desolador, pero victoria, &#8230; \u00a1Victoria al fin! La m\u00e1s sangrienta batalla naval de la historia y un episodio que como dijo el gran <a href=\"https:\/\/es.wikipedia.org\/wiki\/Miguel_de_Cervantes\" target=\"_blank\" rel=\"noopener\"><em>Miguel de Cervantes<\/em><\/a> fue:<\/p>\n<blockquote><p>\u201cLa m\u00e1s alta ocasi\u00f3n que vieron los siglos pasados, los presentes, ni esperan ver los venideros\u201d<\/p><\/blockquote>\n<p style=\"text-align: justify\">Una ocasi\u00f3n de gloria como dijo \u00e9l mismo. Perdi\u00f3 la mano izquierda, pero gan\u00f3 la honra. Y no solo para \u00e9l sino tambi\u00e9n para el resto de los soldados que vencieron en el bando cristiano.<\/p>\n<p style=\"text-align: justify\"><strong>Desenlace.<\/strong><\/p>\n<p style=\"text-align: justify\">No voy a detenerme en describir militarmente c\u00f3mo transcurri\u00f3 la batalla &#8211; un poco m\u00e1s abajo doy una pincelada acerca del motivo -. Ambici\u00f3n, gloria, poder, destino, &#8230; frustraci\u00f3n de las tropas otomanas. <em>Al\u00ed Baj\u00e1<\/em> recibi\u00f3 un disparo de mosquete en la cabeza, a continuaci\u00f3n fue decapitado por un soldado espa\u00f1ol y su cabeza puesta en una pica. Poco honrosa, &#8230; muy poco honrosa para un comandante de flota!!!<\/p>\n<p style=\"text-align: justify\">Sin duda, una herida profunda e imborrable en el orgullo del bando perdedor, \u2026 el bando musulm\u00e1n. Un desgarro de consecuencias catastr\u00f3ficas en la pretendida grandeza del poder de su dios.<\/p>\n<p style=\"text-align: justify\">Tras la devastadora derrota musulmana en las costas de Lepanto, Europa respir\u00f3 tranquila. Obras de arte en memoria de la abrumadora victoria, misas por los ca\u00eddos, celebraciones a lo largo y ancho de toda Europa. Se liberaron alrededor de 15.000 remeros cristianos de las galeras apresadas. El <em>Papa Pio V<\/em> instituy\u00f3 la fiesta de <a href=\"https:\/\/elretohistorico.com\/la-batalla-de-lepanto-7-de-octubre-de-1571\/\" target=\"_blank\" rel=\"noopener\"><em>Nuestra Se\u00f1ora de la Victoria<\/em><\/a> &#8211; m\u00e1s tarde se consolid\u00f3 bajo el nombre de <em>Nuestra Se\u00f1ora del Rosario<\/em>\u00a0-. La <em>Liga Santa<\/em> se disolvi\u00f3 por la falta de unidad cristiana y los otomanos se pusieron manos a la obra con celeridad y energ\u00eda para reconstruir la flota otomana, pero ya sin las tripulaciones experimentadas que se perdieron en el combate, y aunque lograron mantener cierta hegemon\u00eda en el <a href=\"https:\/\/es.wikipedia.org\/wiki\/Mar_Mediterr%C3%A1neo\" target=\"_blank\" rel=\"noopener\"><em>Mediterr\u00e1neo<\/em><\/a>, sus fuertes <a href=\"https:\/\/es.wikipedia.org\/wiki\/Expansi%C3%B3n_musulmana\" target=\"_blank\" rel=\"noopener\">ansias expansionistas<\/a> se vieron seriamente mermadas. De hecho, tras reconstruir su fuerza naval, completaron la conquista de <em>Chipre<\/em> y obligaron a <em>Venecia<\/em> a reconocer formalmente su soberan\u00eda &#8211; e incluso a pagar una cuantiosa indemnizaci\u00f3n de guerra -.<\/p>\n<p style=\"text-align: justify\">En resumen: \u00a1Una humillante derrota cuyas consecuencias arrastran hasta el d\u00eda de hoy y de la que est\u00e1n tratando de vengarse a cualquier precio!<\/p>\n<p style=\"text-align: justify\"><strong>Repercusiones actuales.<\/strong><\/p>\n<p style=\"text-align: justify\">Ciertamente como he descrito m\u00e1s arriba, lo intentaron por la v\u00eda militar, y lo hubiesen logrado si aquel 7 de octubre de 1571 el resultado hubiese sido el contrario.<\/p>\n<p style=\"text-align: justify\">Lo siguieron intentando hasta que tras el <a href=\"https:\/\/es.wikipedia.org\/wiki\/Batalla_de_Kahlenberg\" target=\"_blank\" rel=\"noopener\">sitio de <em>Viena<\/em> en 1683<\/a> fueron finalmente derrotados por una nueva <a href=\"https:\/\/es.wikipedia.org\/wiki\/Liga_Santa_(1683)\" target=\"_blank\" rel=\"noopener\"><em>Liga Santa<\/em><\/a> establecida en esa ocasi\u00f3n por el <a href=\"https:\/\/es.wikipedia.org\/wiki\/Inocencio_XI\" target=\"_blank\" rel=\"noopener\"><em>Papa Inocencio XI<\/em><\/a>. Marc\u00f3 sin duda el punto final de inflexi\u00f3n del avance otomano en <em>Europa<\/em>.<\/p>\n<p style=\"text-align: justify\">S\u00ed, &#8230; su empuje fue frenado en m\u00faltiples ocasiones, pero no cejan en el empe\u00f1o, no olvidan sus objetivos.<\/p>\n<p style=\"text-align: justify\">Les propongo tres conceptos para darles que pensar:<\/p>\n<ul style=\"text-align: justify\">\n<li><em><strong>El Cor\u00e1n en la Sura 9:29<\/strong><\/em>: Se ordena combatir a aquellos que no creen en Dios y no siguen la religi\u00f3n de la verdad, hasta que paguen un impuesto de capitulaci\u00f3n de buen grado y se sometan.<\/li>\n<li><em><strong>El concepto de la <a href=\"https:\/\/www.europapress.es\/nacional\/noticia-asi-taqiyya-recurso-yihadista-permite-incumplir-coran-atentar-20160508111938.html\" target=\"_blank\" rel=\"noopener\">Taqiyya<\/a><\/strong><\/em> (disimulo): Herramienta que permite a los musulmanes operar encubiertamente &#8211; incluso renegar de su fe &#8211; dentro de las sociedades occidentales para hacer creer en la integraci\u00f3n y la coexistencia como mecanismo para lograr la dominaci\u00f3n.<\/li>\n<li><em><strong>Soft Power<\/strong><\/em> (conquista blanda): Representa un poder silencioso que no necesita imponerse: le basta con seducir y llenar los vac\u00edos que las sociedades han dejado abiertas por el cansancio, la desidia o los intereses econ\u00f3micos y pol\u00edticos.<\/li>\n<\/ul>\n<p style=\"text-align: justify\">Y no olvidan la derrota, el rencor, ni sus objetivos. Frente a su decisi\u00f3n, un <em>Occidente<\/em> que perdona, y olvida, que est\u00e1 siendo atacado, donde la tradici\u00f3n y la familia cristina est\u00e1 siendo atacada, donde la mujer occidental cada vez tiene menos hijos, frente a la mujer musulmana \u201cpr\u00e1cticamente\u201d solo est\u00e1 para parir&#8230; \u00a1Suena fuerte pero as\u00ed est\u00e1 siendo! Todo lo por lo que lucharon y murieron aquellos sacrificados soldados en las aguas de <em>Lepanto<\/em> est\u00e1 siendo maquiav\u00e9licamente torpedeado por ese <a href=\"https:\/\/es.wikipedia.org\/wiki\/Islam\" target=\"_blank\" rel=\"noopener\"><em>Islam<\/em><\/a> que, en una lenta y paciente partida de ajedrez, ve a Occidente como un cordero f\u00e1cil de degollar. <strong>Asusta<\/strong>!!!<\/p>\n<p style=\"text-align: justify\">No me gusta el escenario que se cierne sobre nosotros, pero, &#8230; \u00a1hay un pero!, &#8230; en mi opini\u00f3n, est\u00e1n sin duda en su derecho a tratar de expandirse \u2013 \u00a1Nosotros tambi\u00e9n! -. <em>Occidente<\/em> est\u00e1 en clara decadencia, lo est\u00e1n aprovechando y, como he reiterado en ocasiones en algunos de mis otros art\u00edculos, mientras no se emplee la violencia se puede justificar casi cualquier conquista, a fin de cuentas, uno se deja enga\u00f1ar por quien quiere.<\/p>\n<p style=\"text-align: justify\">Las consecuencias las estamos viendo&#8230; reemplazo poblacional, uso del victimismo pol\u00edtico para escalar en la sociedad, pol\u00edticos de dudosa moralidad y principios, falsas promesas de integraci\u00f3n pac\u00edfica, compraventa de intereses, y el <em>Islam<\/em> llamando a la puerta de nuestras vidas&#8230; \u00a1Qu\u00e9 digo llamando! \u00a1Golpe\u00e1ndolas con fuerza y haciendo saltar las bisagras de la tolerancia y de la convivencia! Todo ello con la connivencia de los pol\u00edticos que deber\u00edan proteger el statu quo y las tradiciones de <em>Occidente<\/em>. \u00bfVan ustedes a permitirlo?<\/p>\n<p style=\"text-align: justify\">En fin: \u00bfQu\u00e9 opinan? \u00a1Digan algo! \u00a1Hagan algo! \u00a1DESPIERTEN!<\/p>\n<p style=\"text-align: justify\"><strong>Ep\u00edlogo.<\/strong><\/p>\n<p style=\"text-align: justify\">Conoc\u00eda bastante bien la importancia del hecho hist\u00f3rico, pero como en todos los art\u00edculos que escribo busqu\u00e9 documentarme para poder tener y dar una visi\u00f3n completa de lo \u00e9pico del momento. Hay miles, &#8230; miles de fuentes de informaci\u00f3n al respecto, imposible estudiarlas todas. He visto <a href=\"https:\/\/youtu.be\/YTNfe6a4cxQ?si=mYJfKxxLDyo8VMnT\" target=\"_blank\" rel=\"noopener\">documentales<\/a>, he le\u00eddo <a href=\"https:\/\/historia.nationalgeographic.com.es\/a\/caida-constantiopla-1453_15748\" target=\"_blank\" rel=\"noopener\">art\u00edculos de prensa<\/a>, he investigado sobre c\u00f3mo transcurri\u00f3 la desgarradora y sangrienta batalla, y cr\u00e9anme, ha sido un trabajo muy enriquecedor. Gestas que hay que <em><u>salvar del olvido<\/u><\/em>, &#8230;<\/p>\n<blockquote><p>\u00a1Que no se pierdan en el tiempo y en la vor\u00e1gine de las noticias de la actualidad!<\/p><\/blockquote>\n<p style=\"text-align: justify\">Conocerlas engrandece la memoria de quienes lucharon por nosotros y de los que nos vamos d\u00e1ndonos cuenta de ello. Les insto a que ustedes mismos profundicen en el tema que os he propuesto en el art\u00edculo de hoy. Tambi\u00e9n curioso. Curioso ver y leer como cada autor barre para su casa, para su pa\u00eds, para sus h\u00e9roes, &#8230; para sus intereses. Como siempre, &#8230; la historia pertenece a quien la escribe!!!<\/p>\n<p style=\"text-align: justify\">Ten\u00eda prisa, \u2026 reuniones, trabajo pendiente, correos que revisar, decisiones que tomar, etc. Me desped\u00ed abruptamente de los compa\u00f1eros del control de acceso &#8211; Son grandes personas. Un poco de confraternizaci\u00f3n \u00a1vale!, pero el trabajo es el trabajo &#8211; no sin que antes ellos me \u201cpicasen\u201d dici\u00e9ndome que ah\u00ed ve\u00edan material para otro de mis famosos art\u00edculos. Atraves\u00e9 finalmente el torno dirigi\u00e9ndoles una c\u00f3mplice mirada recogiendo el guante de su propuesta.<\/p>\n<p style=\"text-align: justify\">Sub\u00ed a mi \u201cdespacho\u201d con la \u201cmosca tras la oreja\u201d, y me dije\u2026 \u201c\u00a1S\u00ed, material de sobra!\u201d. D\u00edas m\u00e1s tarde, baj\u00e9 a Sevilla con mi c\u00e1mara buena \u2013 <a href=\"https:\/\/www.canon.es\/cameras\/eos-rp\/\" target=\"_blank\" rel=\"noopener\"><em>Canon RP<\/em><\/a> \u2013 y, en un hueco entre el desayuno y la siguiente reuni\u00f3n, me acerqu\u00e9 a la iglesia para tomar la fotograf\u00eda del cuadro que ilustra este art\u00edculo.<\/p>\n<p style=\"text-align: justify\">El resto de la historia y mis elucubraciones, \u2026 acaban de leerlas.<\/p>\n<p style=\"text-align: justify\">Un saludo y nos leemos en el pr\u00f3ximo art\u00edculo, Damas y caballeros!!!<\/p>\n<p style=\"text-align: justify\">P.d.: Si alguna vez visitan la capilla y coinciden conmigo en ella, por favor, no me molesten, me tomo muy en serio esos momentos, mis peticiones en esa sala son por noble motivo. Por \u00faltimo, d\u00e9jenme su opini\u00f3n con un mensaje pulsando sobre el t\u00edtulo de este art\u00edculo y luego bajando hasta la secci\u00f3n de comentarios.<\/p>\n<p><img decoding=\"async\" class=\"emoji\" role=\"img\" src=\"https:\/\/s.w.org\/images\/core\/emoji\/16.0.1\/svg\/1f914.svg\" alt=\"\ud83e\udd14\" \/>\u2694\u271d\u262a<\/p>\n","protected":false},"excerpt":{"rendered":"<p>Cerca de mi lugar habitual de trabajo hay una preciosa iglesia, una aut\u00e9ntica maravilla, una joya del Barroco: La Iglesia de la Magdalena. A veces me acerco a ella, me siento en silencio en su capilla sacramental y le pido. Le pido por mi familia, por mis amigos, por la gente que me importa y,<\/p>\n<p class=\"more-link\"><a href=\"https:\/\/www.gunner.es\/Mil\/index.php\/2025\/12\/07\/salvemos-lepanto\/\" class=\"themebutton2\">Read More<\/a><\/p>\n","protected":false},"author":2,"featured_media":0,"comment_status":"open","ping_status":"open","sticky":false,"template":"","format":"standard","meta":{"footnotes":""},"categories":[10,8],"tags":[19,23,30,31],"class_list":["post-2738","post","type-post","status-publish","format-standard","hentry","category-hombre","category-momento","tag-conflicto","tag-guerra","tag-historia","tag-imperio"],"_links":{"self":[{"href":"https:\/\/www.gunner.es\/Mil\/index.php\/wp-json\/wp\/v2\/posts\/2738","targetHints":{"allow":["GET"]}}],"collection":[{"href":"https:\/\/www.gunner.es\/Mil\/index.php\/wp-json\/wp\/v2\/posts"}],"about":[{"href":"https:\/\/www.gunner.es\/Mil\/index.php\/wp-json\/wp\/v2\/types\/post"}],"author":[{"embeddable":true,"href":"https:\/\/www.gunner.es\/Mil\/index.php\/wp-json\/wp\/v2\/users\/2"}],"replies":[{"embeddable":true,"href":"https:\/\/www.gunner.es\/Mil\/index.php\/wp-json\/wp\/v2\/comments?post=2738"}],"version-history":[{"count":47,"href":"https:\/\/www.gunner.es\/Mil\/index.php\/wp-json\/wp\/v2\/posts\/2738\/revisions"}],"predecessor-version":[{"id":2816,"href":"https:\/\/www.gunner.es\/Mil\/index.php\/wp-json\/wp\/v2\/posts\/2738\/revisions\/2816"}],"wp:attachment":[{"href":"https:\/\/www.gunner.es\/Mil\/index.php\/wp-json\/wp\/v2\/media?parent=2738"}],"wp:term":[{"taxonomy":"category","embeddable":true,"href":"https:\/\/www.gunner.es\/Mil\/index.php\/wp-json\/wp\/v2\/categories?post=2738"},{"taxonomy":"post_tag","embeddable":true,"href":"https:\/\/www.gunner.es\/Mil\/index.php\/wp-json\/wp\/v2\/tags?post=2738"}],"curies":[{"name":"wp","href":"https:\/\/api.w.org\/{rel}","templated":true}]}}