{"id":2542,"date":"2025-09-16T19:37:36","date_gmt":"2025-09-16T17:37:36","guid":{"rendered":"https:\/\/www.gunner.es\/Mil\/?p=2542"},"modified":"2025-11-07T14:37:28","modified_gmt":"2025-11-07T12:37:28","slug":"de-la-necesidad-virtud-por-un-museo-del-aire-en-sevilla-parte-iv","status":"publish","type":"post","link":"https:\/\/www.gunner.es\/Mil\/index.php\/2025\/09\/16\/de-la-necesidad-virtud-por-un-museo-del-aire-en-sevilla-parte-iv\/","title":{"rendered":"De la necesidad virtud: Por un Museo del Aire en Sevilla (Parte IV)!!!"},"content":{"rendered":"<p>&nbsp;<\/p>\n<p><img loading=\"lazy\" decoding=\"async\" class=\"aligncenter wp-image-2663 \" src=\"https:\/\/www.gunner.es\/Mil\/wp-content\/uploads\/2025\/09\/MG_2379.jpg\" alt=\"\" width=\"663\" height=\"446\" srcset=\"https:\/\/www.gunner.es\/Mil\/wp-content\/uploads\/2025\/09\/MG_2379.jpg 1053w, https:\/\/www.gunner.es\/Mil\/wp-content\/uploads\/2025\/09\/MG_2379-300x202.jpg 300w, https:\/\/www.gunner.es\/Mil\/wp-content\/uploads\/2025\/09\/MG_2379-1024x689.jpg 1024w, https:\/\/www.gunner.es\/Mil\/wp-content\/uploads\/2025\/09\/MG_2379-768x517.jpg 768w, https:\/\/www.gunner.es\/Mil\/wp-content\/uploads\/2025\/09\/MG_2379-272x182.jpg 272w\" sizes=\"auto, (max-width: 663px) 100vw, 663px\" \/><\/p>\n<p style=\"text-align: justify\"><strong>Introducci\u00f3n.<\/strong><\/p>\n<p style=\"text-align: justify\">La reciente buena acogida en redes sociales a uno de mis art\u00edculos acerca de la iniciativa que trato de promover para convertir los antiguos hangares del <a href=\"https:\/\/es.wikipedia.org\/wiki\/Acuartelamiento_A%C3%A9reo_de_Tablada\" target=\"_blank\" rel=\"noopener\">acuartelamiento de la <em>Base A\u00e9rea de Tablada<\/em><\/a> en el <em>Museo del Aire<\/em> que <a href=\"https:\/\/es.wikipedia.org\/wiki\/Sevilla\" target=\"_blank\" rel=\"noopener\"><em>Sevilla<\/em><\/a> se merece me ha hecho reafirmarme en que quiz\u00e1 no caiga en saco roto cualquier esfuerzo en esa direcci\u00f3n.<\/p>\n<p style=\"text-align: justify\">Por ello, he decidido darle una vuelta m\u00e1s al proyecto de una de las maneras que mejor s\u00e9 hacer, demostrando que el \u00e9xito ya est\u00e1 ah\u00ed, a nuestro alcance, que lo hemos visto potencialmente en eventos ya celebrados y, que al contrario de como le ocurri\u00f3 al ciego del <a href=\"https:\/\/es.wikipedia.org\/wiki\/La_vida_de_Lazarillo_de_Tormes\" target=\"_blank\" rel=\"noopener\"><em>Lazarillo de Tormes<\/em><\/a>, no tenemos que estrellarnos contra la pared para darnos cuenta de ello, sino simplemente dar otro paso m\u00e1s, extender la mano y abrazarlo con fuerza.<\/p>\n<p style=\"text-align: justify\"><strong>Casos de \u00e9xito.<\/strong><\/p>\n<p style=\"text-align: justify\">Es complicado obtener n\u00fameros de visitas de los museos del aire europeos m\u00e1s relevantes, pero consultando a la <a href=\"https:\/\/es.wikipedia.org\/wiki\/Inteligencia_artificial\" target=\"_blank\" rel=\"noopener\"><em>IA<\/em><\/a> he obtenido la siguiente tabla:<\/p>\n<p style=\"text-align: justify\"><img loading=\"lazy\" decoding=\"async\" class=\"aligncenter wp-image-2616 \" src=\"https:\/\/www.gunner.es\/Mil\/wp-content\/uploads\/2025\/09\/VIsitas-a-Museos-del-Aire.jpg\" alt=\"\" width=\"640\" height=\"388\" srcset=\"https:\/\/www.gunner.es\/Mil\/wp-content\/uploads\/2025\/09\/VIsitas-a-Museos-del-Aire.jpg 2077w, https:\/\/www.gunner.es\/Mil\/wp-content\/uploads\/2025\/09\/VIsitas-a-Museos-del-Aire-300x182.jpg 300w, https:\/\/www.gunner.es\/Mil\/wp-content\/uploads\/2025\/09\/VIsitas-a-Museos-del-Aire-1024x620.jpg 1024w, https:\/\/www.gunner.es\/Mil\/wp-content\/uploads\/2025\/09\/VIsitas-a-Museos-del-Aire-768x465.jpg 768w, https:\/\/www.gunner.es\/Mil\/wp-content\/uploads\/2025\/09\/VIsitas-a-Museos-del-Aire-1536x930.jpg 1536w, https:\/\/www.gunner.es\/Mil\/wp-content\/uploads\/2025\/09\/VIsitas-a-Museos-del-Aire-2048x1240.jpg 2048w\" sizes=\"auto, (max-width: 640px) 100vw, 640px\" \/><\/p>\n<p style=\"text-align: justify\">Muestra la evoluci\u00f3n interanual de visitas a los principales museos del aire en <a href=\"https:\/\/es.wikipedia.org\/wiki\/Europa\" target=\"_blank\" rel=\"noopener\"><em>Europa<\/em><\/a> entre 2018 y 2023. Son valores estimados y coherentes pues adem\u00e1s permiten confirmar que la pandemia impact\u00f3 profundamente en el n\u00famero de visitas y como con posterioridad esos n\u00fameros se han ido recuperando en todas las instituci\u00f3nes. Se ve claramente que el <a href=\"https:\/\/www.museeairespace.fr\/en\/\" target=\"_blank\" rel=\"noopener\"><em>Museo del Aire y del Espacio (Le Bourget, Francia)<\/em><\/a>, especializado en la aviaci\u00f3n y el espacio, suele recibir entre 250,000 y <strong>300,000 visitantes <\/strong>anuales; El <a href=\"https:\/\/www.rafmuseum.org.uk\/london\/\" target=\"_blank\" rel=\"noopener\"><em>Royal Air Force Museum (Londres y Cosford, Reino Unido)<\/em> <\/a>en conjunto recibi\u00f3 cerca de <strong>400,000 visitantes<\/strong> en 2021 (una ca\u00edda respecto a los m\u00e1s de 800,000 que sol\u00edan registrar antes de la pandemia); El <a href=\"https:\/\/ejercitodelaireydelespacio.defensa.gob.es\/EA\/museodelaire\/index.html\" target=\"_blank\" rel=\"noopener\"><em>Museo del Aire de Madrid (Espa\u00f1a)<\/em><\/a>, aunque no figura en los rankings europeos m\u00e1s visitados y gestionado por el Ej\u00e9rcito del Aire espa\u00f1ol, atrae a <strong>decenas de miles de visitantes<\/strong> al a\u00f1o, especialmente en jornadas de puertas abiertas y eventos especiales y, por \u00faltimo, que el <a href=\"https:\/\/en.wikipedia.org\/wiki\/Deutsches_Museum_Flugwerft_Schleissheim\" target=\"_blank\" rel=\"noopener\"><em>Deutsches Museum Flugwerft Schleissheim (Alemania)<\/em><\/a> suele recibir m\u00e1s de <strong>100,000 visitantes<\/strong> anuales.<\/p>\n<p style=\"text-align: justify\">Entiendo perfectamente la baja cifra de visitas del <em>Museo del Aire de Cuatro Vientos <\/em>\u2026 Est\u00e1 &#8211; como decimos por estas tierras del sur &#8211; a \u201c<em>tomar por culo<\/em>\u201d de la ciudad, el acceso y\/o el aparcamiento es de lo m\u00e1s complicado y la promoci\u00f3n del mismo que se hace fuera del c\u00edrculo aeron\u00e1utico\/militar es p\u00e9sima. Lo he visitado en varias ocasiones, y no merece la poca atenci\u00f3n que obtiene. Sus contenidos son espectaculares, el n\u00famero y la calidad de las aeronaves expuestas es excepcional y los pabellones tem\u00e1ticos no tienen nada que envidiarle a otros que he visitado a lo largo y ancho del mundo. Verdaderamente se merece mucho m\u00e1s cr\u00e9dito p\u00fablico del que recibe actualmente.<\/p>\n<p style=\"text-align: justify\">Peeero &#8230; &#8211; REPITO &#8211; &#8230;\u00a0 peeero, mi propuesta cuenta con claras ventajas: Estar situado muy cerca del <a href=\"https:\/\/es.wikipedia.org\/wiki\/Parque_de_Mar%C3%ADa_Luisa\" target=\"_blank\" rel=\"noopener\"><em>Parque de Mar\u00eda Luisa<\/em><\/a> &#8211; con su famos\u00edsima <a href=\"https:\/\/es.wikipedia.org\/wiki\/Plaza_de_Espa%C3%B1a_(Sevilla)\" target=\"_blank\" rel=\"noopener\"><em>Plaza de Espa\u00f1a<\/em><\/a> -, del <a href=\"https:\/\/es.wikipedia.org\/wiki\/Feria_de_Abril\" target=\"_blank\" rel=\"noopener\"><em>Campo de la Feria<\/em><\/a>, y disponer de f\u00e1cil acceso tanto a pie por la cercana salida de la <a href=\"https:\/\/es.wikipedia.org\/wiki\/Estaci%C3%B3n_de_Blas_Infante\" target=\"_blank\" rel=\"noopener\">estaci\u00f3n de metro de <em>Blas Infante<\/em><\/a>, como en autom\u00f3vil por los aparcamientos en superficie disponibles apenas a un paso merced a los presentes junto a la boca de metro antes mencionada. <em>Feria<\/em> y <em>Parque<\/em> son puntos de enorme importancia tur\u00edstica, de gran afluencia de p\u00fablico y cercanos a nuestro precioso r\u00edo <a href=\"https:\/\/es.wikipedia.org\/wiki\/Guadalquivir\" target=\"_blank\" rel=\"noopener\"><em>Guadalquivir<\/em><\/a>, que vertebra la ciudad y apenas a un tiro de piedra del centro de <em>Sevilla<\/em>. Contar\u00eda adem\u00e1s con la ventaja de estar situado en el seno de una antigua y bien conservada base a\u00e9rea desde la que partieron algunos los raids a\u00e9reos m\u00e1s significativos de la historia aeron\u00e1utica mundial &#8211; demeritados, como no, por intereses for\u00e1neos que le han arrebatado su importancia -.<\/p>\n<p style=\"text-align: justify\">\u00bfSe imaginan cincuenta, cien mil o m\u00e1s visitantes anuales a ese futuro museo? \u00bfImaginan la inyecci\u00f3n econ\u00f3mica que atraer\u00eda sus visitantes, el prestigio social y pol\u00edtico que representar\u00eda ese museo para nuestra ciudad? \u00a1Y lo mejor de todo es que est\u00e1 ah\u00ed, al alcance de nuestra mano! <em><strong><a href=\"#Anexo\">\u00a1Mis art\u00edculos previos lo demuestran!<\/a><\/strong><\/em> Tan solo resta la apuesta decidida de las instituciones por ello y, ese sue\u00f1o que a muchos nos inspira, lo tendr\u00edamos al alcance de la mano para nuestro disfrute y el de futuras generaciones.<\/p>\n<blockquote><p>\u00bfD\u00edganme que no son motivos m\u00e1s que justificados para luchar por ello?<\/p><\/blockquote>\n<p style=\"text-align: justify\">Pero como se suele &#8211; y se debe &#8211; decir, hay que predicar con el ejemplo, &#8230; nuestra ciudad <u>debe<\/u> predicar con el ejemplo: De las pocas ocasiones que <em>Sevilla<\/em> nos ha brindado la oportunidad de disfrutar del mundo del ej\u00e9rcito y de la aviaci\u00f3n, os presento la siguiente galer\u00eda con algunas de las im\u00e1genes que tom\u00e9 en la \u00faltima jornada de puertas abiertas que se organiz\u00f3 en el <em>Acuartelamiento de Tablada<\/em>.<\/p>\n<p style=\"text-align: justify\">Primero disfr\u00fatenla y m\u00e1s abajo leer\u00e1n mis conclusiones. Pasen y vean &#8230;<\/p>\n<p style=\"text-align: justify\"><strong>La galer\u00eda.<\/strong><\/p>\n\n\t\t<style type=\"text\/css\">\n\t\t\t#gallery-1 {\n\t\t\t\tmargin: auto;\n\t\t\t}\n\t\t\t#gallery-1 .gallery-item {\n\t\t\t\tfloat: left;\n\t\t\t\tmargin-top: 10px;\n\t\t\t\ttext-align: center;\n\t\t\t\twidth: 25%;\n\t\t\t}\n\t\t\t#gallery-1 img {\n\t\t\t\tborder: 2px solid #cfcfcf;\n\t\t\t}\n\t\t\t#gallery-1 .gallery-caption {\n\t\t\t\tmargin-left: 0;\n\t\t\t}\n\t\t\t\/* see gallery_shortcode() in wp-includes\/media.php *\/\n\t\t<\/style>\n\t\t<div id='gallery-1' class='gallery galleryid-2542 gallery-columns-4 gallery-size-thumbnail'><dl class='gallery-item'>\n\t\t\t<dt class='gallery-icon landscape'>\n\t\t\t\t<a href='https:\/\/www.gunner.es\/Mil\/index.php\/2025\/09\/16\/de-la-necesidad-virtud-por-un-museo-del-aire-en-sevilla-parte-iv\/img_2492\/#main'><img loading=\"lazy\" decoding=\"async\" width=\"150\" height=\"150\" src=\"https:\/\/www.gunner.es\/Mil\/wp-content\/uploads\/2025\/09\/IMG_2492-150x150.jpg\" class=\"attachment-thumbnail size-thumbnail\" alt=\"\" \/><\/a>\n\t\t\t<\/dt><\/dl><dl class='gallery-item'>\n\t\t\t<dt class='gallery-icon landscape'>\n\t\t\t\t<a href='https:\/\/www.gunner.es\/Mil\/index.php\/2025\/09\/16\/de-la-necesidad-virtud-por-un-museo-del-aire-en-sevilla-parte-iv\/_mg_2375\/#main'><img loading=\"lazy\" decoding=\"async\" width=\"150\" height=\"150\" src=\"https:\/\/www.gunner.es\/Mil\/wp-content\/uploads\/2025\/09\/MG_2375-150x150.jpg\" class=\"attachment-thumbnail size-thumbnail\" alt=\"\" \/><\/a>\n\t\t\t<\/dt><\/dl><dl class='gallery-item'>\n\t\t\t<dt class='gallery-icon landscape'>\n\t\t\t\t<a href='https:\/\/www.gunner.es\/Mil\/index.php\/2025\/09\/16\/de-la-necesidad-virtud-por-un-museo-del-aire-en-sevilla-parte-iv\/_mg_2325\/#main'><img loading=\"lazy\" decoding=\"async\" width=\"150\" height=\"150\" src=\"https:\/\/www.gunner.es\/Mil\/wp-content\/uploads\/2025\/09\/MG_2325-150x150.jpg\" class=\"attachment-thumbnail size-thumbnail\" alt=\"\" \/><\/a>\n\t\t\t<\/dt><\/dl><dl class='gallery-item'>\n\t\t\t<dt class='gallery-icon landscape'>\n\t\t\t\t<a href='https:\/\/www.gunner.es\/Mil\/index.php\/2025\/09\/16\/de-la-necesidad-virtud-por-un-museo-del-aire-en-sevilla-parte-iv\/_mg_2326\/#main'><img loading=\"lazy\" decoding=\"async\" width=\"150\" height=\"150\" src=\"https:\/\/www.gunner.es\/Mil\/wp-content\/uploads\/2025\/09\/MG_2326-150x150.jpg\" class=\"attachment-thumbnail size-thumbnail\" alt=\"\" \/><\/a>\n\t\t\t<\/dt><\/dl><br style=\"clear: both\" \/><dl class='gallery-item'>\n\t\t\t<dt class='gallery-icon landscape'>\n\t\t\t\t<a href='https:\/\/www.gunner.es\/Mil\/index.php\/2025\/09\/16\/de-la-necesidad-virtud-por-un-museo-del-aire-en-sevilla-parte-iv\/_mg_2328\/#main'><img loading=\"lazy\" decoding=\"async\" width=\"150\" height=\"150\" src=\"https:\/\/www.gunner.es\/Mil\/wp-content\/uploads\/2025\/09\/MG_2328-150x150.jpg\" class=\"attachment-thumbnail size-thumbnail\" alt=\"\" \/><\/a>\n\t\t\t<\/dt><\/dl><dl class='gallery-item'>\n\t\t\t<dt class='gallery-icon portrait'>\n\t\t\t\t<a href='https:\/\/www.gunner.es\/Mil\/index.php\/2025\/09\/16\/de-la-necesidad-virtud-por-un-museo-del-aire-en-sevilla-parte-iv\/_mg_2329\/#main'><img loading=\"lazy\" decoding=\"async\" width=\"150\" height=\"150\" src=\"https:\/\/www.gunner.es\/Mil\/wp-content\/uploads\/2025\/09\/MG_2329-150x150.jpg\" class=\"attachment-thumbnail size-thumbnail\" alt=\"\" \/><\/a>\n\t\t\t<\/dt><\/dl><dl class='gallery-item'>\n\t\t\t<dt class='gallery-icon landscape'>\n\t\t\t\t<a href='https:\/\/www.gunner.es\/Mil\/index.php\/2025\/09\/16\/de-la-necesidad-virtud-por-un-museo-del-aire-en-sevilla-parte-iv\/_mg_2330\/#main'><img loading=\"lazy\" decoding=\"async\" width=\"150\" height=\"150\" src=\"https:\/\/www.gunner.es\/Mil\/wp-content\/uploads\/2025\/09\/MG_2330-150x150.jpg\" class=\"attachment-thumbnail size-thumbnail\" alt=\"\" \/><\/a>\n\t\t\t<\/dt><\/dl><dl class='gallery-item'>\n\t\t\t<dt class='gallery-icon landscape'>\n\t\t\t\t<a href='https:\/\/www.gunner.es\/Mil\/index.php\/2025\/09\/16\/de-la-necesidad-virtud-por-un-museo-del-aire-en-sevilla-parte-iv\/_mg_2331\/#main'><img loading=\"lazy\" decoding=\"async\" width=\"150\" height=\"150\" src=\"https:\/\/www.gunner.es\/Mil\/wp-content\/uploads\/2025\/09\/MG_2331-150x150.jpg\" class=\"attachment-thumbnail size-thumbnail\" alt=\"\" \/><\/a>\n\t\t\t<\/dt><\/dl><br style=\"clear: both\" \/><dl class='gallery-item'>\n\t\t\t<dt class='gallery-icon landscape'>\n\t\t\t\t<a href='https:\/\/www.gunner.es\/Mil\/index.php\/2025\/09\/16\/de-la-necesidad-virtud-por-un-museo-del-aire-en-sevilla-parte-iv\/_mg_2333\/#main'><img loading=\"lazy\" decoding=\"async\" width=\"150\" height=\"150\" src=\"https:\/\/www.gunner.es\/Mil\/wp-content\/uploads\/2025\/09\/MG_2333-150x150.jpg\" class=\"attachment-thumbnail size-thumbnail\" alt=\"\" \/><\/a>\n\t\t\t<\/dt><\/dl><dl class='gallery-item'>\n\t\t\t<dt class='gallery-icon landscape'>\n\t\t\t\t<a href='https:\/\/www.gunner.es\/Mil\/index.php\/2025\/09\/16\/de-la-necesidad-virtud-por-un-museo-del-aire-en-sevilla-parte-iv\/_mg_2335\/#main'><img loading=\"lazy\" decoding=\"async\" width=\"150\" height=\"150\" src=\"https:\/\/www.gunner.es\/Mil\/wp-content\/uploads\/2025\/09\/MG_2335-150x150.jpg\" class=\"attachment-thumbnail size-thumbnail\" alt=\"\" \/><\/a>\n\t\t\t<\/dt><\/dl><dl class='gallery-item'>\n\t\t\t<dt class='gallery-icon landscape'>\n\t\t\t\t<a href='https:\/\/www.gunner.es\/Mil\/index.php\/2025\/09\/16\/de-la-necesidad-virtud-por-un-museo-del-aire-en-sevilla-parte-iv\/_mg_2336\/#main'><img loading=\"lazy\" decoding=\"async\" width=\"150\" height=\"150\" src=\"https:\/\/www.gunner.es\/Mil\/wp-content\/uploads\/2025\/09\/MG_2336-150x150.jpg\" class=\"attachment-thumbnail size-thumbnail\" alt=\"\" \/><\/a>\n\t\t\t<\/dt><\/dl><dl class='gallery-item'>\n\t\t\t<dt class='gallery-icon landscape'>\n\t\t\t\t<a href='https:\/\/www.gunner.es\/Mil\/index.php\/2025\/09\/16\/de-la-necesidad-virtud-por-un-museo-del-aire-en-sevilla-parte-iv\/_mg_2337\/#main'><img loading=\"lazy\" decoding=\"async\" width=\"150\" height=\"150\" src=\"https:\/\/www.gunner.es\/Mil\/wp-content\/uploads\/2025\/09\/MG_2337-150x150.jpg\" class=\"attachment-thumbnail size-thumbnail\" alt=\"\" \/><\/a>\n\t\t\t<\/dt><\/dl><br style=\"clear: both\" \/><dl class='gallery-item'>\n\t\t\t<dt class='gallery-icon landscape'>\n\t\t\t\t<a href='https:\/\/www.gunner.es\/Mil\/index.php\/2025\/09\/16\/de-la-necesidad-virtud-por-un-museo-del-aire-en-sevilla-parte-iv\/_mg_2339\/#main'><img loading=\"lazy\" decoding=\"async\" width=\"150\" height=\"150\" src=\"https:\/\/www.gunner.es\/Mil\/wp-content\/uploads\/2025\/09\/MG_2339-150x150.jpg\" class=\"attachment-thumbnail size-thumbnail\" alt=\"\" \/><\/a>\n\t\t\t<\/dt><\/dl><dl class='gallery-item'>\n\t\t\t<dt class='gallery-icon landscape'>\n\t\t\t\t<a href='https:\/\/www.gunner.es\/Mil\/index.php\/2025\/09\/16\/de-la-necesidad-virtud-por-un-museo-del-aire-en-sevilla-parte-iv\/_mg_2342\/#main'><img loading=\"lazy\" decoding=\"async\" width=\"150\" height=\"150\" src=\"https:\/\/www.gunner.es\/Mil\/wp-content\/uploads\/2025\/09\/MG_2342-150x150.jpg\" class=\"attachment-thumbnail size-thumbnail\" alt=\"\" \/><\/a>\n\t\t\t<\/dt><\/dl><dl class='gallery-item'>\n\t\t\t<dt class='gallery-icon portrait'>\n\t\t\t\t<a href='https:\/\/www.gunner.es\/Mil\/index.php\/2025\/09\/16\/de-la-necesidad-virtud-por-un-museo-del-aire-en-sevilla-parte-iv\/_mg_2343\/#main'><img loading=\"lazy\" decoding=\"async\" width=\"150\" height=\"150\" src=\"https:\/\/www.gunner.es\/Mil\/wp-content\/uploads\/2025\/09\/MG_2343-150x150.jpg\" class=\"attachment-thumbnail size-thumbnail\" alt=\"\" \/><\/a>\n\t\t\t<\/dt><\/dl><dl class='gallery-item'>\n\t\t\t<dt class='gallery-icon landscape'>\n\t\t\t\t<a href='https:\/\/www.gunner.es\/Mil\/index.php\/2025\/09\/16\/de-la-necesidad-virtud-por-un-museo-del-aire-en-sevilla-parte-iv\/_mg_2356\/#main'><img loading=\"lazy\" decoding=\"async\" width=\"150\" height=\"150\" src=\"https:\/\/www.gunner.es\/Mil\/wp-content\/uploads\/2025\/09\/MG_2356-150x150.jpg\" class=\"attachment-thumbnail size-thumbnail\" alt=\"\" \/><\/a>\n\t\t\t<\/dt><\/dl><br style=\"clear: both\" \/><dl class='gallery-item'>\n\t\t\t<dt class='gallery-icon landscape'>\n\t\t\t\t<a href='https:\/\/www.gunner.es\/Mil\/index.php\/2025\/09\/16\/de-la-necesidad-virtud-por-un-museo-del-aire-en-sevilla-parte-iv\/_mg_2361\/#main'><img loading=\"lazy\" decoding=\"async\" width=\"150\" height=\"150\" src=\"https:\/\/www.gunner.es\/Mil\/wp-content\/uploads\/2025\/09\/MG_2361-150x150.jpg\" class=\"attachment-thumbnail size-thumbnail\" alt=\"\" \/><\/a>\n\t\t\t<\/dt><\/dl><dl class='gallery-item'>\n\t\t\t<dt class='gallery-icon landscape'>\n\t\t\t\t<a href='https:\/\/www.gunner.es\/Mil\/index.php\/2025\/09\/16\/de-la-necesidad-virtud-por-un-museo-del-aire-en-sevilla-parte-iv\/_mg_2365\/#main'><img loading=\"lazy\" decoding=\"async\" width=\"150\" height=\"150\" src=\"https:\/\/www.gunner.es\/Mil\/wp-content\/uploads\/2025\/09\/MG_2365-150x150.jpg\" class=\"attachment-thumbnail size-thumbnail\" alt=\"\" \/><\/a>\n\t\t\t<\/dt><\/dl><dl class='gallery-item'>\n\t\t\t<dt class='gallery-icon landscape'>\n\t\t\t\t<a href='https:\/\/www.gunner.es\/Mil\/index.php\/2025\/09\/16\/de-la-necesidad-virtud-por-un-museo-del-aire-en-sevilla-parte-iv\/_mg_2368\/#main'><img loading=\"lazy\" decoding=\"async\" width=\"150\" height=\"150\" src=\"https:\/\/www.gunner.es\/Mil\/wp-content\/uploads\/2025\/09\/MG_2368-150x150.jpg\" class=\"attachment-thumbnail size-thumbnail\" alt=\"\" \/><\/a>\n\t\t\t<\/dt><\/dl><dl class='gallery-item'>\n\t\t\t<dt class='gallery-icon landscape'>\n\t\t\t\t<a href='https:\/\/www.gunner.es\/Mil\/index.php\/2025\/09\/16\/de-la-necesidad-virtud-por-un-museo-del-aire-en-sevilla-parte-iv\/_mg_2371\/#main'><img loading=\"lazy\" decoding=\"async\" width=\"150\" height=\"150\" src=\"https:\/\/www.gunner.es\/Mil\/wp-content\/uploads\/2025\/09\/MG_2371-150x150.jpg\" class=\"attachment-thumbnail size-thumbnail\" alt=\"\" \/><\/a>\n\t\t\t<\/dt><\/dl><br style=\"clear: both\" \/><dl class='gallery-item'>\n\t\t\t<dt class='gallery-icon landscape'>\n\t\t\t\t<a href='https:\/\/www.gunner.es\/Mil\/index.php\/2025\/09\/16\/de-la-necesidad-virtud-por-un-museo-del-aire-en-sevilla-parte-iv\/_mg_2314\/#main'><img loading=\"lazy\" decoding=\"async\" width=\"150\" height=\"150\" src=\"https:\/\/www.gunner.es\/Mil\/wp-content\/uploads\/2025\/09\/MG_2314-150x150.jpg\" class=\"attachment-thumbnail size-thumbnail\" alt=\"\" \/><\/a>\n\t\t\t<\/dt><\/dl><dl class='gallery-item'>\n\t\t\t<dt class='gallery-icon landscape'>\n\t\t\t\t<a href='https:\/\/www.gunner.es\/Mil\/index.php\/2025\/09\/16\/de-la-necesidad-virtud-por-un-museo-del-aire-en-sevilla-parte-iv\/_mg_2427\/#main'><img loading=\"lazy\" decoding=\"async\" width=\"150\" height=\"150\" src=\"https:\/\/www.gunner.es\/Mil\/wp-content\/uploads\/2025\/09\/MG_2427-150x150.jpg\" class=\"attachment-thumbnail size-thumbnail\" alt=\"\" \/><\/a>\n\t\t\t<\/dt><\/dl><dl class='gallery-item'>\n\t\t\t<dt class='gallery-icon landscape'>\n\t\t\t\t<a href='https:\/\/www.gunner.es\/Mil\/index.php\/2025\/09\/16\/de-la-necesidad-virtud-por-un-museo-del-aire-en-sevilla-parte-iv\/_mg_2376\/#main'><img loading=\"lazy\" decoding=\"async\" width=\"150\" height=\"150\" src=\"https:\/\/www.gunner.es\/Mil\/wp-content\/uploads\/2025\/09\/MG_2376-150x150.jpg\" class=\"attachment-thumbnail size-thumbnail\" alt=\"\" \/><\/a>\n\t\t\t<\/dt><\/dl><dl class='gallery-item'>\n\t\t\t<dt class='gallery-icon landscape'>\n\t\t\t\t<a href='https:\/\/www.gunner.es\/Mil\/index.php\/2025\/09\/16\/de-la-necesidad-virtud-por-un-museo-del-aire-en-sevilla-parte-iv\/_mg_2381\/#main'><img loading=\"lazy\" decoding=\"async\" width=\"150\" height=\"150\" src=\"https:\/\/www.gunner.es\/Mil\/wp-content\/uploads\/2025\/09\/MG_2381-150x150.jpg\" class=\"attachment-thumbnail size-thumbnail\" alt=\"\" \/><\/a>\n\t\t\t<\/dt><\/dl><br style=\"clear: both\" \/><dl class='gallery-item'>\n\t\t\t<dt class='gallery-icon landscape'>\n\t\t\t\t<a href='https:\/\/www.gunner.es\/Mil\/index.php\/2025\/09\/16\/de-la-necesidad-virtud-por-un-museo-del-aire-en-sevilla-parte-iv\/_mg_2392\/#main'><img loading=\"lazy\" decoding=\"async\" width=\"150\" height=\"150\" src=\"https:\/\/www.gunner.es\/Mil\/wp-content\/uploads\/2025\/09\/MG_2392-150x150.jpg\" class=\"attachment-thumbnail size-thumbnail\" alt=\"\" \/><\/a>\n\t\t\t<\/dt><\/dl><dl class='gallery-item'>\n\t\t\t<dt class='gallery-icon portrait'>\n\t\t\t\t<a href='https:\/\/www.gunner.es\/Mil\/index.php\/2025\/09\/16\/de-la-necesidad-virtud-por-un-museo-del-aire-en-sevilla-parte-iv\/_mg_2399\/#main'><img loading=\"lazy\" decoding=\"async\" width=\"150\" height=\"150\" src=\"https:\/\/www.gunner.es\/Mil\/wp-content\/uploads\/2025\/09\/MG_2399-150x150.jpg\" class=\"attachment-thumbnail size-thumbnail\" alt=\"\" \/><\/a>\n\t\t\t<\/dt><\/dl><dl class='gallery-item'>\n\t\t\t<dt class='gallery-icon landscape'>\n\t\t\t\t<a href='https:\/\/www.gunner.es\/Mil\/index.php\/2025\/09\/16\/de-la-necesidad-virtud-por-un-museo-del-aire-en-sevilla-parte-iv\/_mg_2396\/#main'><img loading=\"lazy\" decoding=\"async\" width=\"150\" height=\"150\" src=\"https:\/\/www.gunner.es\/Mil\/wp-content\/uploads\/2025\/09\/MG_2396-150x150.jpg\" class=\"attachment-thumbnail size-thumbnail\" alt=\"\" \/><\/a>\n\t\t\t<\/dt><\/dl><dl class='gallery-item'>\n\t\t\t<dt class='gallery-icon landscape'>\n\t\t\t\t<a href='https:\/\/www.gunner.es\/Mil\/index.php\/2025\/09\/16\/de-la-necesidad-virtud-por-un-museo-del-aire-en-sevilla-parte-iv\/_mg_2398\/#main'><img loading=\"lazy\" decoding=\"async\" width=\"150\" height=\"150\" src=\"https:\/\/www.gunner.es\/Mil\/wp-content\/uploads\/2025\/09\/MG_2398-150x150.jpg\" class=\"attachment-thumbnail size-thumbnail\" alt=\"\" \/><\/a>\n\t\t\t<\/dt><\/dl><br style=\"clear: both\" \/><dl class='gallery-item'>\n\t\t\t<dt class='gallery-icon landscape'>\n\t\t\t\t<a href='https:\/\/www.gunner.es\/Mil\/index.php\/2025\/09\/16\/de-la-necesidad-virtud-por-un-museo-del-aire-en-sevilla-parte-iv\/_mg_2403\/#main'><img loading=\"lazy\" decoding=\"async\" width=\"150\" height=\"150\" src=\"https:\/\/www.gunner.es\/Mil\/wp-content\/uploads\/2025\/09\/MG_2403-150x150.jpg\" class=\"attachment-thumbnail size-thumbnail\" alt=\"\" \/><\/a>\n\t\t\t<\/dt><\/dl><dl class='gallery-item'>\n\t\t\t<dt class='gallery-icon landscape'>\n\t\t\t\t<a href='https:\/\/www.gunner.es\/Mil\/index.php\/2025\/09\/16\/de-la-necesidad-virtud-por-un-museo-del-aire-en-sevilla-parte-iv\/_mg_2404\/#main'><img loading=\"lazy\" decoding=\"async\" width=\"150\" height=\"150\" src=\"https:\/\/www.gunner.es\/Mil\/wp-content\/uploads\/2025\/09\/MG_2404-150x150.jpg\" class=\"attachment-thumbnail size-thumbnail\" alt=\"\" \/><\/a>\n\t\t\t<\/dt><\/dl><dl class='gallery-item'>\n\t\t\t<dt class='gallery-icon landscape'>\n\t\t\t\t<a href='https:\/\/www.gunner.es\/Mil\/index.php\/2025\/09\/16\/de-la-necesidad-virtud-por-un-museo-del-aire-en-sevilla-parte-iv\/_mg_2406\/#main'><img loading=\"lazy\" decoding=\"async\" width=\"150\" height=\"150\" src=\"https:\/\/www.gunner.es\/Mil\/wp-content\/uploads\/2025\/09\/MG_2406-150x150.jpg\" class=\"attachment-thumbnail size-thumbnail\" alt=\"\" \/><\/a>\n\t\t\t<\/dt><\/dl><dl class='gallery-item'>\n\t\t\t<dt class='gallery-icon landscape'>\n\t\t\t\t<a href='https:\/\/www.gunner.es\/Mil\/index.php\/2025\/09\/16\/de-la-necesidad-virtud-por-un-museo-del-aire-en-sevilla-parte-iv\/_mg_2419\/#main'><img loading=\"lazy\" decoding=\"async\" width=\"150\" height=\"150\" src=\"https:\/\/www.gunner.es\/Mil\/wp-content\/uploads\/2025\/09\/MG_2419-150x150.jpg\" class=\"attachment-thumbnail size-thumbnail\" alt=\"\" \/><\/a>\n\t\t\t<\/dt><\/dl><br style=\"clear: both\" \/><dl class='gallery-item'>\n\t\t\t<dt class='gallery-icon landscape'>\n\t\t\t\t<a href='https:\/\/www.gunner.es\/Mil\/index.php\/2025\/09\/16\/de-la-necesidad-virtud-por-un-museo-del-aire-en-sevilla-parte-iv\/_mg_2426\/#main'><img loading=\"lazy\" decoding=\"async\" width=\"150\" height=\"150\" src=\"https:\/\/www.gunner.es\/Mil\/wp-content\/uploads\/2025\/09\/MG_2426-150x150.jpg\" class=\"attachment-thumbnail size-thumbnail\" alt=\"\" \/><\/a>\n\t\t\t<\/dt><\/dl><dl class='gallery-item'>\n\t\t\t<dt class='gallery-icon landscape'>\n\t\t\t\t<a href='https:\/\/www.gunner.es\/Mil\/index.php\/2025\/09\/16\/de-la-necesidad-virtud-por-un-museo-del-aire-en-sevilla-parte-iv\/_mg_2428\/#main'><img loading=\"lazy\" decoding=\"async\" width=\"150\" height=\"150\" src=\"https:\/\/www.gunner.es\/Mil\/wp-content\/uploads\/2025\/09\/MG_2428-150x150.jpg\" class=\"attachment-thumbnail size-thumbnail\" alt=\"\" \/><\/a>\n\t\t\t<\/dt><\/dl><dl class='gallery-item'>\n\t\t\t<dt class='gallery-icon landscape'>\n\t\t\t\t<a href='https:\/\/www.gunner.es\/Mil\/index.php\/2025\/09\/16\/de-la-necesidad-virtud-por-un-museo-del-aire-en-sevilla-parte-iv\/_mg_2429\/#main'><img loading=\"lazy\" decoding=\"async\" width=\"150\" height=\"150\" src=\"https:\/\/www.gunner.es\/Mil\/wp-content\/uploads\/2025\/09\/MG_2429-150x150.jpg\" class=\"attachment-thumbnail size-thumbnail\" alt=\"\" \/><\/a>\n\t\t\t<\/dt><\/dl><dl class='gallery-item'>\n\t\t\t<dt class='gallery-icon landscape'>\n\t\t\t\t<a href='https:\/\/www.gunner.es\/Mil\/index.php\/2025\/09\/16\/de-la-necesidad-virtud-por-un-museo-del-aire-en-sevilla-parte-iv\/_mg_2430\/#main'><img loading=\"lazy\" decoding=\"async\" width=\"150\" height=\"150\" src=\"https:\/\/www.gunner.es\/Mil\/wp-content\/uploads\/2025\/09\/MG_2430-150x150.jpg\" class=\"attachment-thumbnail size-thumbnail\" alt=\"\" \/><\/a>\n\t\t\t<\/dt><\/dl><br style=\"clear: both\" \/><dl class='gallery-item'>\n\t\t\t<dt class='gallery-icon landscape'>\n\t\t\t\t<a href='https:\/\/www.gunner.es\/Mil\/index.php\/2025\/09\/16\/de-la-necesidad-virtud-por-un-museo-del-aire-en-sevilla-parte-iv\/_mg_2432\/#main'><img loading=\"lazy\" decoding=\"async\" width=\"150\" height=\"150\" src=\"https:\/\/www.gunner.es\/Mil\/wp-content\/uploads\/2025\/09\/MG_2432-150x150.jpg\" class=\"attachment-thumbnail size-thumbnail\" alt=\"\" \/><\/a>\n\t\t\t<\/dt><\/dl><dl class='gallery-item'>\n\t\t\t<dt class='gallery-icon landscape'>\n\t\t\t\t<a href='https:\/\/www.gunner.es\/Mil\/index.php\/2025\/09\/16\/de-la-necesidad-virtud-por-un-museo-del-aire-en-sevilla-parte-iv\/_mg_2434\/#main'><img loading=\"lazy\" decoding=\"async\" width=\"150\" height=\"150\" src=\"https:\/\/www.gunner.es\/Mil\/wp-content\/uploads\/2025\/09\/MG_2434-150x150.jpg\" class=\"attachment-thumbnail size-thumbnail\" alt=\"\" \/><\/a>\n\t\t\t<\/dt><\/dl><dl class='gallery-item'>\n\t\t\t<dt class='gallery-icon portrait'>\n\t\t\t\t<a href='https:\/\/www.gunner.es\/Mil\/index.php\/2025\/09\/16\/de-la-necesidad-virtud-por-un-museo-del-aire-en-sevilla-parte-iv\/_mg_2417\/#main'><img loading=\"lazy\" decoding=\"async\" width=\"150\" height=\"150\" src=\"https:\/\/www.gunner.es\/Mil\/wp-content\/uploads\/2025\/09\/MG_2417-150x150.jpg\" class=\"attachment-thumbnail size-thumbnail\" alt=\"\" \/><\/a>\n\t\t\t<\/dt><\/dl><dl class='gallery-item'>\n\t\t\t<dt class='gallery-icon landscape'>\n\t\t\t\t<a href='https:\/\/www.gunner.es\/Mil\/index.php\/2025\/09\/16\/de-la-necesidad-virtud-por-un-museo-del-aire-en-sevilla-parte-iv\/_mg_2436\/#main'><img loading=\"lazy\" decoding=\"async\" width=\"150\" height=\"150\" src=\"https:\/\/www.gunner.es\/Mil\/wp-content\/uploads\/2025\/09\/MG_2436-150x150.jpg\" class=\"attachment-thumbnail size-thumbnail\" alt=\"\" \/><\/a>\n\t\t\t<\/dt><\/dl><br style=\"clear: both\" \/><dl class='gallery-item'>\n\t\t\t<dt class='gallery-icon landscape'>\n\t\t\t\t<a href='https:\/\/www.gunner.es\/Mil\/index.php\/2025\/09\/16\/de-la-necesidad-virtud-por-un-museo-del-aire-en-sevilla-parte-iv\/_mg_2438\/#main'><img loading=\"lazy\" decoding=\"async\" width=\"150\" height=\"150\" src=\"https:\/\/www.gunner.es\/Mil\/wp-content\/uploads\/2025\/09\/MG_2438-150x150.jpg\" class=\"attachment-thumbnail size-thumbnail\" alt=\"\" \/><\/a>\n\t\t\t<\/dt><\/dl><dl class='gallery-item'>\n\t\t\t<dt class='gallery-icon landscape'>\n\t\t\t\t<a href='https:\/\/www.gunner.es\/Mil\/index.php\/2025\/09\/16\/de-la-necesidad-virtud-por-un-museo-del-aire-en-sevilla-parte-iv\/_mg_2440\/#main'><img loading=\"lazy\" decoding=\"async\" width=\"150\" height=\"150\" src=\"https:\/\/www.gunner.es\/Mil\/wp-content\/uploads\/2025\/09\/MG_2440-150x150.jpg\" class=\"attachment-thumbnail size-thumbnail\" alt=\"\" \/><\/a>\n\t\t\t<\/dt><\/dl><dl class='gallery-item'>\n\t\t\t<dt class='gallery-icon landscape'>\n\t\t\t\t<a href='https:\/\/www.gunner.es\/Mil\/index.php\/2025\/09\/16\/de-la-necesidad-virtud-por-un-museo-del-aire-en-sevilla-parte-iv\/_mg_2442\/#main'><img loading=\"lazy\" decoding=\"async\" width=\"150\" height=\"150\" src=\"https:\/\/www.gunner.es\/Mil\/wp-content\/uploads\/2025\/09\/MG_2442-150x150.jpg\" class=\"attachment-thumbnail size-thumbnail\" alt=\"\" \/><\/a>\n\t\t\t<\/dt><\/dl><dl class='gallery-item'>\n\t\t\t<dt class='gallery-icon landscape'>\n\t\t\t\t<a href='https:\/\/www.gunner.es\/Mil\/index.php\/2025\/09\/16\/de-la-necesidad-virtud-por-un-museo-del-aire-en-sevilla-parte-iv\/_mg_2444\/#main'><img loading=\"lazy\" decoding=\"async\" width=\"150\" height=\"150\" src=\"https:\/\/www.gunner.es\/Mil\/wp-content\/uploads\/2025\/09\/MG_2444-150x150.jpg\" class=\"attachment-thumbnail size-thumbnail\" alt=\"\" \/><\/a>\n\t\t\t<\/dt><\/dl><br style=\"clear: both\" \/><dl class='gallery-item'>\n\t\t\t<dt class='gallery-icon landscape'>\n\t\t\t\t<a href='https:\/\/www.gunner.es\/Mil\/index.php\/2025\/09\/16\/de-la-necesidad-virtud-por-un-museo-del-aire-en-sevilla-parte-iv\/img_2447\/#main'><img loading=\"lazy\" decoding=\"async\" width=\"150\" height=\"150\" src=\"https:\/\/www.gunner.es\/Mil\/wp-content\/uploads\/2025\/09\/IMG_2447-150x150.jpg\" class=\"attachment-thumbnail size-thumbnail\" alt=\"\" \/><\/a>\n\t\t\t<\/dt><\/dl><dl class='gallery-item'>\n\t\t\t<dt class='gallery-icon landscape'>\n\t\t\t\t<a href='https:\/\/www.gunner.es\/Mil\/index.php\/2025\/09\/16\/de-la-necesidad-virtud-por-un-museo-del-aire-en-sevilla-parte-iv\/img_2449\/#main'><img loading=\"lazy\" decoding=\"async\" width=\"150\" height=\"150\" src=\"https:\/\/www.gunner.es\/Mil\/wp-content\/uploads\/2025\/09\/IMG_2449-150x150.jpg\" class=\"attachment-thumbnail size-thumbnail\" alt=\"\" \/><\/a>\n\t\t\t<\/dt><\/dl><dl class='gallery-item'>\n\t\t\t<dt class='gallery-icon landscape'>\n\t\t\t\t<a href='https:\/\/www.gunner.es\/Mil\/index.php\/2025\/09\/16\/de-la-necesidad-virtud-por-un-museo-del-aire-en-sevilla-parte-iv\/img_2452\/#main'><img loading=\"lazy\" decoding=\"async\" width=\"150\" height=\"150\" src=\"https:\/\/www.gunner.es\/Mil\/wp-content\/uploads\/2025\/09\/IMG_2452-150x150.jpg\" class=\"attachment-thumbnail size-thumbnail\" alt=\"\" \/><\/a>\n\t\t\t<\/dt><\/dl><dl class='gallery-item'>\n\t\t\t<dt class='gallery-icon landscape'>\n\t\t\t\t<a href='https:\/\/www.gunner.es\/Mil\/index.php\/2025\/09\/16\/de-la-necesidad-virtud-por-un-museo-del-aire-en-sevilla-parte-iv\/img_2455\/#main'><img loading=\"lazy\" decoding=\"async\" width=\"150\" height=\"150\" src=\"https:\/\/www.gunner.es\/Mil\/wp-content\/uploads\/2025\/09\/IMG_2455-150x150.jpg\" class=\"attachment-thumbnail size-thumbnail\" alt=\"\" \/><\/a>\n\t\t\t<\/dt><\/dl><br style=\"clear: both\" \/><dl class='gallery-item'>\n\t\t\t<dt class='gallery-icon portrait'>\n\t\t\t\t<a href='https:\/\/www.gunner.es\/Mil\/index.php\/2025\/09\/16\/de-la-necesidad-virtud-por-un-museo-del-aire-en-sevilla-parte-iv\/img_2459\/#main'><img loading=\"lazy\" decoding=\"async\" width=\"150\" height=\"150\" src=\"https:\/\/www.gunner.es\/Mil\/wp-content\/uploads\/2025\/09\/IMG_2459-150x150.jpg\" class=\"attachment-thumbnail size-thumbnail\" alt=\"\" \/><\/a>\n\t\t\t<\/dt><\/dl><dl class='gallery-item'>\n\t\t\t<dt class='gallery-icon portrait'>\n\t\t\t\t<a href='https:\/\/www.gunner.es\/Mil\/index.php\/2025\/09\/16\/de-la-necesidad-virtud-por-un-museo-del-aire-en-sevilla-parte-iv\/img_2461\/#main'><img loading=\"lazy\" decoding=\"async\" width=\"150\" height=\"150\" src=\"https:\/\/www.gunner.es\/Mil\/wp-content\/uploads\/2025\/09\/IMG_2461-150x150.jpg\" class=\"attachment-thumbnail size-thumbnail\" alt=\"\" \/><\/a>\n\t\t\t<\/dt><\/dl><dl class='gallery-item'>\n\t\t\t<dt class='gallery-icon landscape'>\n\t\t\t\t<a href='https:\/\/www.gunner.es\/Mil\/index.php\/2025\/09\/16\/de-la-necesidad-virtud-por-un-museo-del-aire-en-sevilla-parte-iv\/img_2451\/#main'><img loading=\"lazy\" decoding=\"async\" width=\"150\" height=\"150\" src=\"https:\/\/www.gunner.es\/Mil\/wp-content\/uploads\/2025\/09\/IMG_2451-150x150.jpg\" class=\"attachment-thumbnail size-thumbnail\" alt=\"\" \/><\/a>\n\t\t\t<\/dt><\/dl><dl class='gallery-item'>\n\t\t\t<dt class='gallery-icon landscape'>\n\t\t\t\t<a href='https:\/\/www.gunner.es\/Mil\/index.php\/2025\/09\/16\/de-la-necesidad-virtud-por-un-museo-del-aire-en-sevilla-parte-iv\/img_2466\/#main'><img loading=\"lazy\" decoding=\"async\" width=\"150\" height=\"150\" src=\"https:\/\/www.gunner.es\/Mil\/wp-content\/uploads\/2025\/09\/IMG_2466-150x150.jpg\" class=\"attachment-thumbnail size-thumbnail\" alt=\"\" \/><\/a>\n\t\t\t<\/dt><\/dl><br style=\"clear: both\" \/><dl class='gallery-item'>\n\t\t\t<dt class='gallery-icon portrait'>\n\t\t\t\t<a href='https:\/\/www.gunner.es\/Mil\/index.php\/2025\/09\/16\/de-la-necesidad-virtud-por-un-museo-del-aire-en-sevilla-parte-iv\/img_2463\/#main'><img loading=\"lazy\" decoding=\"async\" width=\"150\" height=\"150\" src=\"https:\/\/www.gunner.es\/Mil\/wp-content\/uploads\/2025\/09\/IMG_2463-150x150.jpg\" class=\"attachment-thumbnail size-thumbnail\" alt=\"\" \/><\/a>\n\t\t\t<\/dt><\/dl><dl class='gallery-item'>\n\t\t\t<dt class='gallery-icon landscape'>\n\t\t\t\t<a href='https:\/\/www.gunner.es\/Mil\/index.php\/2025\/09\/16\/de-la-necesidad-virtud-por-un-museo-del-aire-en-sevilla-parte-iv\/img_2465\/#main'><img loading=\"lazy\" decoding=\"async\" width=\"150\" height=\"150\" src=\"https:\/\/www.gunner.es\/Mil\/wp-content\/uploads\/2025\/09\/IMG_2465-150x150.jpg\" class=\"attachment-thumbnail size-thumbnail\" alt=\"\" \/><\/a>\n\t\t\t<\/dt><\/dl><dl class='gallery-item'>\n\t\t\t<dt class='gallery-icon landscape'>\n\t\t\t\t<a href='https:\/\/www.gunner.es\/Mil\/index.php\/2025\/09\/16\/de-la-necesidad-virtud-por-un-museo-del-aire-en-sevilla-parte-iv\/img_2468\/#main'><img loading=\"lazy\" decoding=\"async\" width=\"150\" height=\"150\" src=\"https:\/\/www.gunner.es\/Mil\/wp-content\/uploads\/2025\/09\/IMG_2468-150x150.jpg\" class=\"attachment-thumbnail size-thumbnail\" alt=\"\" \/><\/a>\n\t\t\t<\/dt><\/dl><dl class='gallery-item'>\n\t\t\t<dt class='gallery-icon landscape'>\n\t\t\t\t<a href='https:\/\/www.gunner.es\/Mil\/index.php\/2025\/09\/16\/de-la-necesidad-virtud-por-un-museo-del-aire-en-sevilla-parte-iv\/img_2471\/#main'><img loading=\"lazy\" decoding=\"async\" width=\"150\" height=\"150\" src=\"https:\/\/www.gunner.es\/Mil\/wp-content\/uploads\/2025\/09\/IMG_2471-150x150.jpg\" class=\"attachment-thumbnail size-thumbnail\" alt=\"\" \/><\/a>\n\t\t\t<\/dt><\/dl><br style=\"clear: both\" \/><dl class='gallery-item'>\n\t\t\t<dt class='gallery-icon landscape'>\n\t\t\t\t<a href='https:\/\/www.gunner.es\/Mil\/index.php\/2025\/09\/16\/de-la-necesidad-virtud-por-un-museo-del-aire-en-sevilla-parte-iv\/img_2472\/#main'><img loading=\"lazy\" decoding=\"async\" width=\"150\" height=\"150\" src=\"https:\/\/www.gunner.es\/Mil\/wp-content\/uploads\/2025\/09\/IMG_2472-150x150.jpg\" class=\"attachment-thumbnail size-thumbnail\" alt=\"\" \/><\/a>\n\t\t\t<\/dt><\/dl><dl class='gallery-item'>\n\t\t\t<dt class='gallery-icon portrait'>\n\t\t\t\t<a href='https:\/\/www.gunner.es\/Mil\/index.php\/2025\/09\/16\/de-la-necesidad-virtud-por-un-museo-del-aire-en-sevilla-parte-iv\/img_2490\/#main'><img loading=\"lazy\" decoding=\"async\" width=\"150\" height=\"150\" src=\"https:\/\/www.gunner.es\/Mil\/wp-content\/uploads\/2025\/09\/IMG_2490-150x150.jpg\" class=\"attachment-thumbnail size-thumbnail\" alt=\"\" \/><\/a>\n\t\t\t<\/dt><\/dl><dl class='gallery-item'>\n\t\t\t<dt class='gallery-icon landscape'>\n\t\t\t\t<a href='https:\/\/www.gunner.es\/Mil\/index.php\/2025\/09\/16\/de-la-necesidad-virtud-por-un-museo-del-aire-en-sevilla-parte-iv\/img_2497\/#main'><img loading=\"lazy\" decoding=\"async\" width=\"150\" height=\"150\" src=\"https:\/\/www.gunner.es\/Mil\/wp-content\/uploads\/2025\/09\/IMG_2497-150x150.jpg\" class=\"attachment-thumbnail size-thumbnail\" alt=\"\" \/><\/a>\n\t\t\t<\/dt><\/dl><dl class='gallery-item'>\n\t\t\t<dt class='gallery-icon landscape'>\n\t\t\t\t<a href='https:\/\/www.gunner.es\/Mil\/index.php\/2025\/09\/16\/de-la-necesidad-virtud-por-un-museo-del-aire-en-sevilla-parte-iv\/img_2474\/#main'><img loading=\"lazy\" decoding=\"async\" width=\"150\" height=\"150\" src=\"https:\/\/www.gunner.es\/Mil\/wp-content\/uploads\/2025\/09\/IMG_2474-150x150.jpg\" class=\"attachment-thumbnail size-thumbnail\" alt=\"\" \/><\/a>\n\t\t\t<\/dt><\/dl><br style=\"clear: both\" \/><dl class='gallery-item'>\n\t\t\t<dt class='gallery-icon landscape'>\n\t\t\t\t<a href='https:\/\/www.gunner.es\/Mil\/index.php\/2025\/09\/16\/de-la-necesidad-virtud-por-un-museo-del-aire-en-sevilla-parte-iv\/img_2488\/#main'><img loading=\"lazy\" decoding=\"async\" width=\"150\" height=\"150\" src=\"https:\/\/www.gunner.es\/Mil\/wp-content\/uploads\/2025\/09\/IMG_2488-150x150.jpg\" class=\"attachment-thumbnail size-thumbnail\" alt=\"\" \/><\/a>\n\t\t\t<\/dt><\/dl><dl class='gallery-item'>\n\t\t\t<dt class='gallery-icon landscape'>\n\t\t\t\t<a href='https:\/\/www.gunner.es\/Mil\/index.php\/2025\/09\/16\/de-la-necesidad-virtud-por-un-museo-del-aire-en-sevilla-parte-iv\/_mg_2256\/#main'><img loading=\"lazy\" decoding=\"async\" width=\"150\" height=\"150\" src=\"https:\/\/www.gunner.es\/Mil\/wp-content\/uploads\/2025\/09\/MG_2256-150x150.jpg\" class=\"attachment-thumbnail size-thumbnail\" alt=\"\" \/><\/a>\n\t\t\t<\/dt><\/dl><dl class='gallery-item'>\n\t\t\t<dt class='gallery-icon portrait'>\n\t\t\t\t<a href='https:\/\/www.gunner.es\/Mil\/index.php\/2025\/09\/16\/de-la-necesidad-virtud-por-un-museo-del-aire-en-sevilla-parte-iv\/_mg_2319\/#main'><img loading=\"lazy\" decoding=\"async\" width=\"150\" height=\"150\" src=\"https:\/\/www.gunner.es\/Mil\/wp-content\/uploads\/2025\/09\/MG_2319-150x150.jpg\" class=\"attachment-thumbnail size-thumbnail\" alt=\"\" \/><\/a>\n\t\t\t<\/dt><\/dl><dl class='gallery-item'>\n\t\t\t<dt class='gallery-icon landscape'>\n\t\t\t\t<a href='https:\/\/www.gunner.es\/Mil\/index.php\/2025\/09\/16\/de-la-necesidad-virtud-por-un-museo-del-aire-en-sevilla-parte-iv\/_mg_2254\/#main'><img loading=\"lazy\" decoding=\"async\" width=\"150\" height=\"150\" src=\"https:\/\/www.gunner.es\/Mil\/wp-content\/uploads\/2025\/09\/MG_2254-150x150.jpg\" class=\"attachment-thumbnail size-thumbnail\" alt=\"\" \/><\/a>\n\t\t\t<\/dt><\/dl><br style=\"clear: both\" \/><dl class='gallery-item'>\n\t\t\t<dt class='gallery-icon landscape'>\n\t\t\t\t<a href='https:\/\/www.gunner.es\/Mil\/index.php\/2025\/09\/16\/de-la-necesidad-virtud-por-un-museo-del-aire-en-sevilla-parte-iv\/_mg_2279\/#main'><img loading=\"lazy\" decoding=\"async\" width=\"150\" height=\"150\" src=\"https:\/\/www.gunner.es\/Mil\/wp-content\/uploads\/2025\/09\/MG_2279-150x150.jpg\" class=\"attachment-thumbnail size-thumbnail\" alt=\"\" \/><\/a>\n\t\t\t<\/dt><\/dl><dl class='gallery-item'>\n\t\t\t<dt class='gallery-icon landscape'>\n\t\t\t\t<a href='https:\/\/www.gunner.es\/Mil\/index.php\/2025\/09\/16\/de-la-necesidad-virtud-por-un-museo-del-aire-en-sevilla-parte-iv\/_mg_2292\/#main'><img loading=\"lazy\" decoding=\"async\" width=\"150\" height=\"150\" src=\"https:\/\/www.gunner.es\/Mil\/wp-content\/uploads\/2025\/09\/MG_2292-150x150.jpg\" class=\"attachment-thumbnail size-thumbnail\" alt=\"\" \/><\/a>\n\t\t\t<\/dt><\/dl><dl class='gallery-item'>\n\t\t\t<dt class='gallery-icon landscape'>\n\t\t\t\t<a href='https:\/\/www.gunner.es\/Mil\/index.php\/2025\/09\/16\/de-la-necesidad-virtud-por-un-museo-del-aire-en-sevilla-parte-iv\/_mg_2307\/#main'><img loading=\"lazy\" decoding=\"async\" width=\"150\" height=\"150\" src=\"https:\/\/www.gunner.es\/Mil\/wp-content\/uploads\/2025\/09\/MG_2307-150x150.jpg\" class=\"attachment-thumbnail size-thumbnail\" alt=\"\" \/><\/a>\n\t\t\t<\/dt><\/dl><dl class='gallery-item'>\n\t\t\t<dt class='gallery-icon landscape'>\n\t\t\t\t<a href='https:\/\/www.gunner.es\/Mil\/index.php\/2025\/09\/16\/de-la-necesidad-virtud-por-un-museo-del-aire-en-sevilla-parte-iv\/_mg_2374\/#main'><img loading=\"lazy\" decoding=\"async\" width=\"150\" height=\"150\" src=\"https:\/\/www.gunner.es\/Mil\/wp-content\/uploads\/2025\/09\/MG_2374-150x150.jpg\" class=\"attachment-thumbnail size-thumbnail\" alt=\"\" \/><\/a>\n\t\t\t<\/dt><\/dl><br style=\"clear: both\" \/>\n\t\t<\/div>\n\n<p style=\"text-align: justify\"><strong>Conclusiones.<\/strong><\/p>\n<p style=\"text-align: justify\">Los que acudimos pudimos comprobar el \u00e9xito de p\u00fablico y organizaci\u00f3n. Tengan en cuenta que como buen fot\u00f3grafo buscaba im\u00e1genes limpias, sin demasiada gente que ensuciase el objeto a fotografiar. Buscaba los \u00abmomentos tranquilos\u00bb sin personas que abarrotasen la imagen, por eso apenas se aprecian multitudes, &#8230; \u00a1y cost\u00f3 paciencia! Adem\u00e1s del objeto fotografiado en cada imagen, f\u00edjense en la afluencia de p\u00fablico que se refleja en alguna de ellas. Quiz\u00e1 hubiese debido tomar alguna fotograf\u00eda de contexto mostrando la marabunta de personas que acudi\u00f3 a la convocatoria, &#8230; peeero, \u00bfqui\u00e9n me iba a decir que las acabar\u00eda utilizando para apoyar esta iniciativa?<\/p>\n<p>Tengo otras galer\u00edas de eventos similares realizados en <em>Sevilla<\/em> y en la <em>Dehesa de Tablada<\/em> &#8211; quiz\u00e1 las suba para otro art\u00edculo -, todas reflejan lo mismo, el enorme \u00e9xito y la gran acogida de la ciudadan\u00eda a cualquier evento y actividad relacionada con el Ej\u00e9rcito y la Aviaci\u00f3n. Todas ellas no son mas que prueba de la notoriedad garantizada que supondr\u00eda para nuestra ciudad el logro de contar con ese posible <em>Museo del Aire<\/em>.<\/p>\n<p style=\"text-align: justify\">Para terminar, en el <a href=\"#Anexo\">tercer art\u00edculo de la serie de la que les he hablado<\/a> sugiero qu\u00e9 autoridad podr\u00eda presidir y\/o dirigir dicho museo. Lo escrib\u00ed hace tiempo, y ese margen me ha permitido conocer a un posible candidato. Me explico.<\/p>\n<p style=\"text-align: justify\">Hace poco pude acudir como oyente invitado a las <a href=\"https:\/\/www.abc.es\/sevilla\/ciudad\/prevencion-accidentes-aereos-disciplina-imprescindible-garantizar-seguridad-20240605124130-nts.html\" target=\"_blank\" rel=\"noopener\"><em>Jornadas \u00abSafety First<\/em><\/a>\u00bb promovidas por la <a href=\"https:\/\/tabladacentenaria.com\/\" target=\"_blank\" rel=\"noopener\"><em>Asociaci\u00f3n Tablada Centenaria<\/em><\/a>. En la <a href=\"https:\/\/www.us.es\/eventos\/agenda\/i-jornada-de-medicina-aeroespacial\">edici\u00f3n de 2025 dedicada a la <em>Medicina Aeroespacial<\/em><\/a> pude adem\u00e1s charlar con su promotor <a href=\"https:\/\/www.linkedin.com\/in\/jose-luis-de-augusto-gil\/\" target=\"_blank\" rel=\"noopener\"><em>Jos\u00e9 Lu\u00eds Augusto Gil<\/em><\/a>. Ingeniero de Ensayos en Vuelo, Ingeniero Aeroespacial, Piloto Comercial, fundador de <em><a href=\"https:\/\/www.sillasvoladoras.com\/noticias\/105-newwings\" target=\"_blank\" rel=\"noopener\">Newwings<\/a><\/em> y superviviente del terrible <a href=\"https:\/\/es.wikipedia.org\/wiki\/Accidente_del_Airbus_A400M_en_Sevilla_de_2015\" target=\"_blank\" rel=\"noopener\">accidente del <em>Airbus A400M<\/em><\/a> acaecido en <em>Sevilla<\/em> en 2015, me impresion\u00f3 por su \u00edmpetu y su energ\u00eda, es de esas personas que brillan con luz propia. Por su buen hacer, su formaci\u00f3n, su red de apoyo y de contactos y sus ganas de trabajar creo que podr\u00eda ser el candidato ideal. \u00a1Cr\u00e9anme, merece la pena conocerlo!<\/p>\n<p style=\"text-align: justify\">En este \u00faltimo aspecto, aprovecho para recomendarles asistir al <a href=\"https:\/\/tabladacentenaria.com\/centenario-grandes-vuelo-aviacion-espanola-14-16-octubre-25-sevilla\/\" target=\"_blank\" rel=\"noopener\">Ciclo de conferencias que dar\u00e1n el inicio al Centenario de Grandes Vuelos de la Aviaci\u00f3n Espa\u00f1ola<\/a> y que se va a celebrar en unos d\u00edas en <em>Sevilla<\/em> promovidas por dicha asociaci\u00f3n. A buen seguro dar\u00e1 alas y pondr\u00e1 en valor aquello que todos los apasionados de la aviaci\u00f3n espa\u00f1ola venimos reclamando desde hace mucho tiempo.<\/p>\n<p style=\"text-align: justify\">Bien, va siendo hora de concluir este art\u00edculo, espero que mi arenga les haya calado lo suficiente. Lo dejo &#8211; por ahora -, ya les he dado bastante la tabarra hoy!!!<\/p>\n<p id=\"Anexo\" style=\"text-align: justify\"><strong>Anexo.<\/strong><\/p>\n<p style=\"text-align: justify\">Mencionaba al comienzo de este post que mis art\u00edculos previos demostraban la factibilidad del proyecto. Les incluyo los enlaces que lo acreditan y un una breve descripci\u00f3n del contenido. Conf\u00edo en que los visiten.<\/p>\n<ul style=\"text-align: justify\">\n<li><a href=\"https:\/\/www.gunner.es\/Mil\/index.php\/2023\/12\/08\/de-la-necesidad-virtud-por-un-museo-del-aire-en-sevilla-parte-i\/\" target=\"_blank\" rel=\"noopener\">De la necesidad virtud: Por un Museo del Aire en Sevilla (Parte I)<\/a>. <strong><em>Define el contexto hist\u00f3rico y el porqu\u00e9<\/em>.<\/strong><\/li>\n<li><a href=\"https:\/\/www.gunner.es\/Mil\/index.php\/2024\/02\/06\/de-la-necesidad-virtud-por-un-museo-del-aire-en-sevilla-parte-ii\/\" target=\"_blank\" rel=\"noopener\">De la necesidad virtud: Por un Museo del Aire en Sevilla (Parte II)<\/a>. <strong><em>Describe la posible disposici\u00f3n del futuro recinto y los posibles contenidos a exponer<\/em>.<\/strong><\/li>\n<li><a href=\"https:\/\/www.gunner.es\/Mil\/index.php\/2024\/04\/03\/de-la-necesidad-virtud-por-un-museo-del-aire-en-sevilla-parte-iii\/\" target=\"_blank\" rel=\"noopener\">De la necesidad virtud: Por un Museo del Aire en Sevilla (Parte III)<\/a>. <strong><em>Formaliza y planifica la ejecuci\u00f3n del proyecto, los interesados y un \u00abPlus\u00bb de excepci\u00f3n<\/em>.<\/strong><\/li>\n<\/ul>\n<p style=\"text-align: justify\">Un saludo y seguimos en contacto, Damas y Caballeros!!!<\/p>\n<p style=\"text-align: justify\">P.d.: Las fotograf\u00edas a resoluci\u00f3n completa est\u00e1n disponibles gratuitamente para quien est\u00e9 interesado. P\u00eddanlo en un comentario pulsando sobre el t\u00edtulo de este art\u00edculo y luego bajando hasta la secci\u00f3n de comentarios.<\/p>\n<p>\ud83d\ude0e\ud83d\udc4d\u2708<\/p>\n","protected":false},"excerpt":{"rendered":"<p>&nbsp; Introducci\u00f3n. La reciente buena acogida en redes sociales a uno de mis art\u00edculos acerca de la iniciativa que trato de promover para convertir los antiguos hangares del acuartelamiento de la Base A\u00e9rea de Tablada en el Museo del Aire que Sevilla se merece me ha hecho reafirmarme en que quiz\u00e1 no caiga en saco<\/p>\n<p class=\"more-link\"><a href=\"https:\/\/www.gunner.es\/Mil\/index.php\/2025\/09\/16\/de-la-necesidad-virtud-por-un-museo-del-aire-en-sevilla-parte-iv\/\" class=\"themebutton2\">Read More<\/a><\/p>\n","protected":false},"author":2,"featured_media":0,"comment_status":"open","ping_status":"open","sticky":false,"template":"","format":"standard","meta":{"footnotes":""},"categories":[8],"tags":[29,85,30,18,15,88],"class_list":["post-2542","post","type-post","status-publish","format-standard","hentry","category-momento","tag-base-aerea","tag-galeria","tag-historia","tag-innovacion","tag-museo","tag-sevilla"],"_links":{"self":[{"href":"https:\/\/www.gunner.es\/Mil\/index.php\/wp-json\/wp\/v2\/posts\/2542","targetHints":{"allow":["GET"]}}],"collection":[{"href":"https:\/\/www.gunner.es\/Mil\/index.php\/wp-json\/wp\/v2\/posts"}],"about":[{"href":"https:\/\/www.gunner.es\/Mil\/index.php\/wp-json\/wp\/v2\/types\/post"}],"author":[{"embeddable":true,"href":"https:\/\/www.gunner.es\/Mil\/index.php\/wp-json\/wp\/v2\/users\/2"}],"replies":[{"embeddable":true,"href":"https:\/\/www.gunner.es\/Mil\/index.php\/wp-json\/wp\/v2\/comments?post=2542"}],"version-history":[{"count":74,"href":"https:\/\/www.gunner.es\/Mil\/index.php\/wp-json\/wp\/v2\/posts\/2542\/revisions"}],"predecessor-version":[{"id":2733,"href":"https:\/\/www.gunner.es\/Mil\/index.php\/wp-json\/wp\/v2\/posts\/2542\/revisions\/2733"}],"wp:attachment":[{"href":"https:\/\/www.gunner.es\/Mil\/index.php\/wp-json\/wp\/v2\/media?parent=2542"}],"wp:term":[{"taxonomy":"category","embeddable":true,"href":"https:\/\/www.gunner.es\/Mil\/index.php\/wp-json\/wp\/v2\/categories?post=2542"},{"taxonomy":"post_tag","embeddable":true,"href":"https:\/\/www.gunner.es\/Mil\/index.php\/wp-json\/wp\/v2\/tags?post=2542"}],"curies":[{"name":"wp","href":"https:\/\/api.w.org\/{rel}","templated":true}]}}