{"id":2370,"date":"2025-08-22T20:02:30","date_gmt":"2025-08-22T19:02:30","guid":{"rendered":"https:\/\/www.gunner.es\/Mil\/?p=2370"},"modified":"2026-01-17T11:32:43","modified_gmt":"2026-01-17T09:32:43","slug":"el-amigo-americano-hablando-de-trump","status":"publish","type":"post","link":"https:\/\/www.gunner.es\/Mil\/index.php\/2025\/08\/22\/el-amigo-americano-hablando-de-trump\/","title":{"rendered":"El amigo americano&#8230; hablando de Trump!!!"},"content":{"rendered":"<p><img loading=\"lazy\" decoding=\"async\" class=\"wp-image-2377 aligncenter\" src=\"https:\/\/www.gunner.es\/Mil\/wp-content\/uploads\/2025\/08\/FastStoned-AmericaTrumpWorld.jpg\" alt=\"\" width=\"665\" height=\"450\" srcset=\"https:\/\/www.gunner.es\/Mil\/wp-content\/uploads\/2025\/08\/FastStoned-AmericaTrumpWorld.jpg 929w, https:\/\/www.gunner.es\/Mil\/wp-content\/uploads\/2025\/08\/FastStoned-AmericaTrumpWorld-300x203.jpg 300w, https:\/\/www.gunner.es\/Mil\/wp-content\/uploads\/2025\/08\/FastStoned-AmericaTrumpWorld-768x520.jpg 768w\" sizes=\"auto, (max-width: 665px) 100vw, 665px\" \/><\/p>\n<p style=\"text-align: justify\">Alud\u00ed en las conclusiones de <a href=\"https:\/\/www.gunner.es\/Mil\/index.php\/2025\/06\/11\/geoestragia-el-derecho-de-china-a-reinar\/\" target=\"_blank\" rel=\"noopener\">mi anterior art\u00edculo<\/a> acerca del derecho de <a href=\"https:\/\/es.wikipedia.org\/wiki\/Rep%C3%BAblica_Popular_China\" target=\"_blank\" rel=\"noopener\"><em>China<\/em><\/a> a reinar a la existencia de una figura a la que he denominado \u201c<em>El amigo americano<\/em>\u201d, ese \u201cgran\u201d aliado de <a href=\"https:\/\/es.wikipedia.org\/wiki\/Occidente\" target=\"_blank\" rel=\"noopener\"><em>Occidente<\/em><\/a>.<\/p>\n<p style=\"text-align: justify\">Pens\u00e9 que iba a tardar mucho m\u00e1s en abordar el tema, pero es verano, y como dice la sabidur\u00eda popular \u201c<em>cuando el diablo est\u00e1 aburrido, con el rabo mata moscas<\/em>\u201d. Es viernes tarde, pensaba ir al cine o ponerme una pel\u00edcula, pero visto el panorama cinematogr\u00e1fico actual&#8230; mejor hacer algo m\u00e1s productivo.<\/p>\n<p style=\"text-align: justify\">\u00bfY por qu\u00e9 he a\u00f1adido la coletilla \u201c<em>Hablemos de Trump<\/em>\u201d? \u00a1Sencillo, &#8230; y no tan sencillo!<\/p>\n<p style=\"text-align: justify\">Como pueden comprobar si observan la cabecera de la <a href=\"https:\/\/www,gunner.es\/Mil\" target=\"_blank\" rel=\"noopener\">p\u00e1gina principal de este blog<\/a>, esta est\u00e1 dividida en tres secciones: \u201c<a href=\"https:\/\/www.gunner.es\/Mil\/index.php\/category\/arma\/\" target=\"_blank\" rel=\"noopener\"><em>El Arma<\/em><\/a>\u201d, \u201c<a href=\"https:\/\/www.gunner.es\/Mil\/index.php\/category\/hombre\/\" target=\"_blank\" rel=\"noopener\"><em>El Hombre<\/em><\/a>\u201d y \u201c<a href=\"https:\/\/www.gunner.es\/Mil\/index.php\/category\/momento\/\" target=\"_blank\" rel=\"noopener\"><em>El Momento<\/em><\/a>\u201d. Todos mis art\u00edculos encajan en una de esas tem\u00e1ticas. Como \u201c<em>Hombre<\/em>\u201d quiz\u00e1 algunos de ustedes pensaran o podr\u00e1n discutirme que <a href=\"https:\/\/es.wikipedia.org\/wiki\/Donald_Trump\" target=\"_blank\" rel=\"noopener\"><em>Donald Trump<\/em><\/a> a\u00fan no se haya ganado su puesto en el mundo de los grandes personajes de la historia b\u00e9lica mundial &#8211; luego expondr\u00e9 mi opini\u00f3n -, pero no me negar\u00e1n que encaja perfectamente en la secci\u00f3n del \u201c<em>Momento<\/em>\u201d, \u00bfverdad?<br \/>\nSu giro en la pol\u00edtica respecto a la anterior administraci\u00f3n del \u201c<a href=\"https:\/\/es.wikipedia.org\/wiki\/Partido_Dem%C3%B3crata_(Estados_Unidos)\" target=\"_blank\" rel=\"noopener\"><em>Dem\u00f3crata<\/em><\/a>\u201d de <a href=\"https:\/\/es.wikipedia.org\/wiki\/Joe_Biden\" target=\"_blank\" rel=\"noopener\"><em>Joe Biden<\/em><\/a> ha sido brutal \u2013 observen que he entrecomillado la palabra \u201cdem\u00f3crata\u201d, tambi\u00e9n lo aclarar\u00e9 m\u00e1s adelante -. Ah, y una puntualizaci\u00f3n a mis lectores norteamericanos&#8230; no se quejen de lo que van a comenzar a leer hasta que terminen de leerlo al completo!!!<\/p>\n<p style=\"text-align: justify\">Pasen y lean. Vayamos por partes.<\/p>\n<p style=\"text-align: justify\"><strong>El amigo americano.<\/strong><\/p>\n<p style=\"text-align: justify\">Despu\u00e9s de la primera y segunda guerras mundiales <a href=\"https:\/\/es.wikipedia.org\/wiki\/Estados_Unidos\" target=\"_blank\" rel=\"noopener\"><em>Estados Unidos<\/em><\/a>, como una de las potencias ganadoras del conflicto, se autoerigi\u00f3 en la protectora de facto de los intereses del mundo occidental\/civilizado, \u00bfverdad? Su supremac\u00eda militar, \u00fanicamente cuestionada hasta hace poco por la entonces <a href=\"https:\/\/es.wikipedia.org\/wiki\/Uni%C3%B3n_Sovi%C3%A9tica\" target=\"_blank\" rel=\"noopener\"><em>Uni\u00f3n Sovi\u00e9tica<\/em><\/a> &#8211; ahora <a href=\"https:\/\/es.wikipedia.org\/wiki\/Rusia\" target=\"_blank\" rel=\"noopener\"><em>Rusia<\/em><\/a> -, le sirvi\u00f3 para blanquear la nefasta pol\u00edtica imperialista de la que ha hecho gala lo largo de toda su historia.<\/p>\n<p style=\"text-align: justify;padding-left: 40px\">&#8211; \u00bfAcaso no est\u00e1n al tanto de ello?<\/p>\n<p>Podr\u00eda realizar una laaaarga y pesada enumeraci\u00f3n de las m\u00faltiples ocasiones en que el \u00ab<em>amigo americano<\/em>\u00bb ha manipulado, mentido, tergiversado y retorcido la pol\u00edtica internacional para lograr sus objetivos estrat\u00e9gicos &#8211; o como dir\u00eda cierto pol\u00edtico patrio \u00ab<em>cambiado de opini\u00f3n<\/em>\u00bb -. Si, &#8230; presiones de diverso tipo, m\u00faltiples episodios de injerencias en la pol\u00edtica internacional, golpes de estado encubiertos, etc, etc, etc.<br \/>\nPero para no saturar vuestras mentes, voy a limitarme a tratar aquellas intervenciones en relaci\u00f3n a nosotros, a nuestro pa\u00eds, &#8230; a los herederos del inmenso legado del antiguo <a href=\"https:\/\/es.wikipedia.org\/wiki\/Imperio_espa%C3%B1ol\" target=\"_blank\" rel=\"noopener\"><em>Imperio Espa\u00f1ol<\/em><\/a>. Como muestra un bot\u00f3n,\u00a0 \u00bfacaso olvidan como actu\u00f3 nuestro apreciado \u00ab<em>amigo<\/em>\u00bb para romper la unidad \u00ab<em>de y con\u00bb<\/em> <a href=\"https:\/\/es.wikipedia.org\/wiki\/Hispanoam%C3%A9rica\" target=\"_blank\" rel=\"noopener\">hispanoam\u00e9rica<\/a>? \u00bfRecuerdan adem\u00e1s la posterior salvaje carnicer\u00eda\/<a href=\"https:\/\/es.wikipedia.org\/wiki\/Guerras_Indias\" target=\"_blank\" rel=\"noopener\">conquista del oeste<\/a> a costa de los antiguos dominios espa\u00f1oles en los territorios arrebatados a <a href=\"https:\/\/es.wikipedia.org\/wiki\/M%C3%A9xico\" target=\"_blank\" rel=\"noopener\"><em>M\u00e9xico<\/em><\/a>? \u00bfY qu\u00e9 decir de la \u201c<a href=\"https:\/\/es.wikipedia.org\/wiki\/USS_Maine_(ACR-1)\" target=\"_blank\" rel=\"noopener\">boladura\/atentado\u201d del <em>Maine<\/em><\/a>?, o \u00bf<a href=\"https:\/\/es.wikipedia.org\/wiki\/1898:_Los_%C3%BAltimos_de_Filipinas\" target=\"_blank\" rel=\"noopener\">los \u00faltimos de <em>Filipinas<\/em><\/a>, el <a href=\"https:\/\/es.wikipedia.org\/wiki\/Embargo_estadounidense_a_Cuba\" target=\"_blank\" rel=\"noopener\">bloqueo a C<em>uba<\/em><\/a> y\u00a0<a href=\"https:\/\/es.wikipedia.org\/wiki\/Invasi%C3%B3n_de_bah%C3%ADa_de_Cochinos\" target=\"_blank\" rel=\"noopener\"><em>Bah\u00eda de Cochinos<\/em><\/a>?<\/p>\n<p style=\"text-align: justify;padding-left: 40px\">&#8211; \u00a1Que tenga que venirles un simple aficionado a la geopol\u00edtica como yo a record\u00e1rselo! &#8230; \u00a1Tiene narices!<\/p>\n<p style=\"text-align: justify\">Conste en primer lugar que, como atestigua la historia, el actual <a href=\"https:\/\/historia.nationalgeographic.com.es\/a\/cual-fue-papel-espana-guerra-independencia-estados-unidos_23493\" target=\"_blank\" rel=\"noopener\"><em>Estados Unidos<\/em> debe una parte su esencial de su existencia a nuestra ayuda<\/a> durante su <a href=\"https:\/\/es.wikipedia.org\/wiki\/Guerra_de_Independencia_de_los_Estados_Unidos\" target=\"_blank\" rel=\"noopener\"><em>Guerra de Independencia<\/em><\/a>, por lo hasta cierto punto que est\u00e1 o deber\u00eda estar en deuda con nosotros. En cambio, fieles a la m\u00e1s pura tradici\u00f3n anglosajona por la que siempre se han presumido &#8211; vanagloriado dir\u00eda &#8211; de grandes y h\u00e1biles negociadores, de gran altruismo y correcci\u00f3n pol\u00edtica, y de principios morales, en m\u00faltiples ocasiones han acabado violando de la manera m\u00e1s rastrera posible los acuerdos pol\u00edticos establecidos, dejando su catadura moral a la altura del bet\u00fan.<\/p>\n<p style=\"text-align: justify\">Durante la \u201cc<em>onquista del oeste<\/em>\u201d prometieron, juraron, perjuraron y firmaron acuerdos con las tribus indias \u2013 muchas hablaban espa\u00f1ol &#8211; que habitaban desde generaciones el territorio. Estos, acostumbrados a la coherencia y respeto a los pactos firmados\/establecidos con el antiguo <a href=\"https:\/\/es.wikipedia.org\/wiki\/Imperio_espa%C3%B1ol\" target=\"_blank\" rel=\"noopener\">imperio espa\u00f1ol<\/a> que \u201cadministraba\u201d esas tierras, confiaron en sus palabras. Luego, \u2026 vinieron las campa\u00f1as de exterminio, \u00a1las reservas!, <a href=\"https:\/\/es.wikipedia.org\/wiki\/George_Armstrong_Custer\" target=\"_blank\" rel=\"noopener\">el <em>General Custer<\/em><\/a>\u2026 <a href=\"https:\/\/es.wikipedia.org\/wiki\/Batalla_de_Little_Bighorn\" target=\"_blank\" rel=\"noopener\"><em>\u00a1Little Big Horn<\/em><\/a>! En fin, la debacle del <a href=\"https:\/\/es.wikipedia.org\/wiki\/Pueblos_ind%C3%ADgenas_de_Estados_Unidos\" target=\"_blank\" rel=\"noopener\">pueblo indio<\/a>.<\/p>\n<p style=\"text-align: justify\">Durante el <a href=\"https:\/\/www.youtube.com\/watch?v=hWnJ7yQQdqo\" target=\"_blank\" rel=\"noopener\">desastre del 98, intentaron comprar cuba por 300 millones de d\u00f3lares<\/a> a <a href=\"https:\/\/es.wikipedia.org\/wiki\/Pr%C3%A1xedes_Mateo-Sagasta\" target=\"_blank\" rel=\"noopener\"><em>Sagasta<\/em><\/a>, lo que adem\u00e1s inclu\u00eda en secreto un <a href=\"https:\/\/www.youtube.com\/watch?v=eltRYJSdnxQ\" target=\"_blank\" rel=\"noopener\">soborno de un mill\u00f3n de d\u00f3lares a cada ministro<\/a> del gobierno si aceptaban &#8211; 30 millones de euros por cabeza a fecha de hoy -. Existe la clara sospecha de que a pesar de que, aun no habiendo sido formalmente aceptado por ser pol\u00edtica y p\u00fablicamente injustificable, bajo cuerda y en la sombra fue esa coima la que realmente precipit\u00f3 la ca\u00edda de nuestras antiguas posesiones coloniales &#8211; hay que reconocer que ayud\u00f3 la inherente corrupci\u00f3n de la entonces clase pol\u00edtica espa\u00f1ola, cuesti\u00f3n que venimos padeciendo incluso hasta el d\u00eda de hoy -.<\/p>\n<p style=\"text-align: justify\">No quiero dejar de insistir en la t\u00e9cnica del \u201cdivide y vencer\u00e1s\u201d que usaron &#8211; y usan &#8211; para disgregar, separar y enquistar el odio a los espa\u00f1oles en los antiguos pa\u00edses de habla hispana, con el \u00fanico objeto de tomar el control para ellos mismos. \u00bfRecuerdan aquello de \u201c<em>Am\u00e9rica para los americanos<\/em>\u201d de la <a href=\"https:\/\/es.wikipedia.org\/wiki\/Doctrina_Monroe\" target=\"_blank\" rel=\"noopener\">doctrina <em>Monroe<\/em><\/a>? Tampoco olviden como alientan la \u201c<a href=\"https:\/\/es.wikipedia.org\/wiki\/Leyenda_negra_espa%C3%B1ola\" target=\"_blank\" rel=\"noopener\"><em>Leyenda negra<\/em><\/a>\u201d en los medios de comunicaci\u00f3n, \u2026 el espa\u00f1ol, el hispano siempre es el \u201cmalo de la pel\u00edcula\u201d.<\/p>\n<p>En fin, &#8230; lo llevan haciendo casi desde su nacimiento,&#8230; lo hacen con nosotros y lo hacen con el resto del mundo. Falsos adalides de la libertad, la correcci\u00f3n y \u00abamigos de todos\u00bb,&#8230; puro altruismo,&#8230;\u00a0 pura manipulaci\u00f3n, pura fachada y, sin escr\u00fapulos, puro maquillaje <a href=\"https:\/\/es.wikipedia.org\/wiki\/Orwelliano\" target=\"_blank\" rel=\"noopener\">orwelliano<\/a> de la realidad. Pero avancemos con el art\u00edculo.<\/p>\n<p style=\"text-align: justify\"><strong>Trump.<\/strong><\/p>\n<p style=\"text-align: justify\">Toca ahora aclarar el punto que mencion\u00e9 en la introducci\u00f3n de este art\u00edculo acerca de si nuestro celeb\u00e9rrimo <em>Mr. Donald Trump<\/em> se ha ganado su puesto en el mundo de los grandes personajes de la historia b\u00e9lica mundial.<\/p>\n<p style=\"text-align: justify\">Sin duda personaje complejo, empresario implacable y pol\u00edtico directo. &#8230; Se pueden contar muchas cosas acerca del <em>Sr. Trump<\/em>, pero voy a centrarme en tres de los aspectos de mayor relevancia actual: <a href=\"https:\/\/es.wikipedia.org\/wiki\/Ucrania\" target=\"_blank\" rel=\"noopener\"><em>Ucrania<\/em><\/a>, <a href=\"https:\/\/www.bbc.com\/mundo\/articles\/cx24k39x6r6o\" target=\"_blank\" rel=\"noopener\"><em>Ir\u00e1n<\/em> y la bomba at\u00f3mica<\/a>, y su mediaci\u00f3n en los conflictos internacionales.<\/p>\n<p style=\"text-align: justify\">Respecto a <em>Ucrania<\/em>, nuestro \u00ab<em>estimado amigo<\/em>\u00bb <em>Trump<\/em> se ha presentado como mediador clave en el <a href=\"https:\/\/es.wikipedia.org\/wiki\/Invasi%C3%B3n_rusa_a_Ucrania\" target=\"_blank\" rel=\"noopener\">conflicto de <em>Ucrania<\/em><\/a>, convencido de que las negociaciones &#8211; y no la confrontaci\u00f3n militar- son el camino para la paz. Sin embargo, sus m\u00e9todos han sido pol\u00e9micos: desde enfrentamientos con <a href=\"https:\/\/es.wikipedia.org\/wiki\/Volod%C3%ADmir_Zelenski\" target=\"_blank\" rel=\"noopener\"><em>Zelensky<\/em><\/a>, la exclusi\u00f3n en las negociaciones de partes\/actores fundamentales -como la propia <em>Ucrania<\/em>-, hasta propuestas informalmente alineadas con las posiciones rusas. Mientras algunos l\u00edderes europeos respaldan su iniciativa por pragmatismo, otros advierten que podr\u00eda erosionar la soberan\u00eda ucraniana y fragmentar la solidaridad occidental. Ah, \u00a1Que nadie olvide los acuerdos firmados para hacerse con el control de las tierras raras! &#8211; \u201c<em><a href=\"https:\/\/es.wikipedia.org\/wiki\/America_First\" target=\"_blank\" rel=\"noopener\">Am\u00e9rica First<\/a><\/em>\u201d-.<\/p>\n<p style=\"text-align: justify\">Respecto a <em>Ir\u00e1n<\/em> y el arma nuclear,<em> Trump<\/em> combin\u00f3 presi\u00f3n econ\u00f3mica, diplomacia condicionada y acci\u00f3n militar preventiva para evitar que accediese al arma nuclear. El bombardeo a instancias de sus intereses geoestrat\u00e9gicos e <em><a href=\"https:\/\/es.wikipedia.org\/wiki\/Israel\" target=\"_blank\" rel=\"noopener\">Israel<\/a><\/em> de <a href=\"https:\/\/www.bbc.com\/mundo\/articles\/cm2mv7v81edo\" target=\"_blank\" rel=\"noopener\">instalaciones clave en junio de 2025<\/a> marc\u00f3 un punto de inflexi\u00f3n, mostrando que su administraci\u00f3n est\u00e1 dispuesta a actuar unilateralmente para neutralizar lo que considera una amenaza existencial &#8211; y de camino hacer patente el poder\u00edo de sus <a href=\"https:\/\/medium.com\/war-is-boring\/las-armas-m%C3%A1s-furtivas-de-estados-unidos-f3a50b46cbf1\" target=\"_blank\" rel=\"noopener\">aeronaves furtivas y su dominio tecnol\u00f3gico y militar<\/a> &#8211; lo cual a buen seguro le va a reportar pingues beneficios -.<\/p>\n<p style=\"text-align: justify\">Por \u00faltimo, <em>Donald Trump<\/em> se ha autopromocionado como \u201cmediador global\u201d. Act\u00faa con audacia y rapidez, buscando logros visibles en zonas de conflicto. Su estrategia se centra en las negociaciones directas, sin embargo, su impaciencia, la falta de inclusi\u00f3n ciertos de actores &#8211; una vez m\u00e1s -, depender de su estilo personalista, junto con el car\u00e1cter fragmentario de muchos logros, cuestiona la durabilidad y justicia de sus acuerdos. En varios casos, como en el <a href=\"https:\/\/es.wikipedia.org\/wiki\/Guerra_del_C%C3%A1ucaso\" target=\"_blank\" rel=\"noopener\"><em>C\u00e1ucaso<\/em><\/a>, los efectos a largo plazo <a href=\"https:\/\/www.swissinfo.ch\/spa\/armenia-y-azerbaiy%C3%A1n%2C-a-punto-de-alcanzar-hist%C3%B3rico-tratado-de-paz-con-mediaci%C3%B3n-de-trump\/89797633\" target=\"_blank\" rel=\"noopener\">a\u00fan est\u00e1n por verse<\/a>, y en otros &#8211; como <a href=\"https:\/\/www.abc.es\/internacional\/abci-eeuu-considera-bloqueo-naval-venezuela-respaldo-socios-iberoamerica-202002230205_noticia.html\" target=\"_blank\" rel=\"noopener\"><em>Venezuela<\/em><\/a>, <em><a href=\"https:\/\/www.dw.com\/es\/trump-dice-que-impidi%C3%B3-un-conflicto-nuclear-entre-india-y-pakist%C3%A1n\/a-72521806\" target=\"_blank\" rel=\"noopener\">India-Pakist\u00e1n<\/a><\/em> o <em><a href=\"https:\/\/www.youtube.com\/watch?v=9WASIEm3eWU\" target=\"_blank\" rel=\"noopener\">\u00c1frica Central<\/a><\/em> &#8211; el avance real es limitado. Al final, su rol de mediador refleja m\u00e1s una visi\u00f3n pol\u00edtica simb\u00f3lica que una diplomacia profunda y equitativa &#8211; \u00a1pero, donde otros han fracasado, los resultados est\u00e1n ah\u00ed! -.<\/p>\n<p style=\"text-align: justify\">Creo pues, que todo ello justifica considerarlo como figura relevante y mediador en busca de la paz en los conflictos pol\u00edticos\/b\u00e9licos actuales \u2013 conf\u00edo en no tener que desdecirme en un futuro, \u00a1aunque si tengo que hacerlo lo har\u00e9! -, <a href=\"https:\/\/www.abc.es\/internacional\/trump-busca-nobel-paz-ofensiva-diplomatica-global-20250804043303-nt.html\" target=\"_blank\" rel=\"noopener\">algunos dicen incluso que busca el <em>Premio Nobel<\/em><\/a>.<\/p>\n<blockquote>\n<p style=\"text-align: justify\">\u00a1No es buena idea apostar nada a la pol\u00edtica ni a los pol\u00edticos , estos cambian tanto de direcci\u00f3n como un \u201cpollo sin cabeza\u201d!<\/p>\n<\/blockquote>\n<p style=\"text-align: justify\">Iba a obviar tratar su papel en la cuesti\u00f3n <a href=\"https:\/\/www.consilium.europa.eu\/es\/policies\/eu-nato-cooperation\/\" target=\"_blank\" rel=\"noopener\"><em>Europa\/NATO<\/em><\/a>, pero \u201cel cuerpo me lo pide\u201d, ser\u00eda una omisi\u00f3n imperdonable. Nuestro \u201c<em>querido amigo<\/em>\u201d ha trastocado el equilibrio militar transatl\u00e1ntico mediante su insistente presi\u00f3n para que <a href=\"https:\/\/es.wikipedia.org\/wiki\/Europa\" target=\"_blank\" rel=\"noopener\"><em>Europa<\/em><\/a> asuma mayor responsabilidad en su defensa. Su reclamo de aumentos masivos en el gasto militar, la amenaza de retirada de tropas y el cuestionamiento del <a href=\"https:\/\/www.nato.int\/cps\/fr\/natohq\/official_texts_17120.htm?selectedLocale=es\" target=\"_blank\" rel=\"noopener\">art\u00edculo\u202f5 del tratado<\/a> que garantiza la defensa mutua, han generado alarma, al mismo tiempo que ha instado a un proceso de empoderamiento estrat\u00e9gico europeo. Aunque esto ha incrementado la tensi\u00f3n con <a href=\"https:\/\/es.wikipedia.org\/wiki\/Washington_D._C.\" target=\"_blank\" rel=\"noopener\"><em>Washington<\/em><\/a>, tambi\u00e9n ha forzado a la <em><a href=\"https:\/\/es.wikipedia.org\/wiki\/OTAN\" target=\"_blank\" rel=\"noopener\">OTAN<\/a><\/em> y a la <em><a href=\"https:\/\/es.wikipedia.org\/wiki\/Uni%C3%B3n_Europea\" target=\"_blank\" rel=\"noopener\">Uni\u00f3n Europea<\/a><\/em> a replantear su seguridad y sus capacidades soberanas. El legado de <em>Trump<\/em>, en este campo, est\u00e1 siendo y ser\u00e1 recordado por provocar una activa reconstrucci\u00f3n de la defensa europea.<\/p>\n<p style=\"text-align: justify\"><strong>Conclusiones.<\/strong><\/p>\n<p style=\"text-align: justify\">Quiz\u00e1 por el tono y las referencias de mi discurso hayan pensado que no siento ninguna simpat\u00eda hacia el pa\u00eds del <a href=\"https:\/\/es.wikipedia.org\/wiki\/Haliaeetus_leucocephalus\" target=\"_blank\" rel=\"noopener\"><em>\u00c1guila Calva<\/em><\/a>, \u00bfverdad?<\/p>\n<p style=\"text-align: justify\">He discutido con mis colegas y he tenido que defender con vehemencia mi opini\u00f3n, pero tengo claro\u2026 clar\u00edsimo \u2026 que envidio a esa poderosa naci\u00f3n \u00ab<em>amiga<\/em>\u00bb y profundamente a su actual l\u00edder. Preocuparse por los intereses de su pa\u00eds, tratar de hacerlo crecer, es algo que les honra \u2013 como a cualquier otro pa\u00eds\/lider que lo haga -. Se puede f\u00e1cilmente comprobar que a lo largo de su historia los grandes estatistas americanos han urdido tramas de, en ocasiones, dudosa moralidad y legalidad para conseguir sus objetivos. Su audacia y su autoridad tanto en el mar, como en el cielo y por por tierra se ha impuesto frente muchos a costa de los intereses ajenos y, aunque puede que se equivoquen en los m\u00e9todos y\/o que estos sean reprobables, su voluntad de liderar el mundo ha sido incuestionable.<\/p>\n<p style=\"text-align: justify\">Estoy sinceramente encantado con lo que <em>Trump<\/em> est\u00e1 haciendo por su naci\u00f3n \u2013 y que conste que nos est\u00e1 jodiendo vivos -. El giro radical respecto a su anterior administraci\u00f3n\u00a0 &#8211; \u00abDem\u00f3crata\u00bb de boquilla, pero intolerante, censora de la disidencia, impositora ideol\u00f3gica y restrictora de derechos como ninguna otra &#8211; ha sido radical. El resto del mundo les est\u00e1 importando lo justo\u2026 con su \u00ab<em>Am\u00e9rica First<\/em>\u00bb o su \u00ab<a href=\"https:\/\/es.wikipedia.org\/wiki\/Make_America_Great_Again\" target=\"_blank\" rel=\"noopener\"><em>MAGA<\/em><\/a>\u00bb ha dejado claro que su <em>Norteam\u00e9rica<\/em> est\u00e1 despertando . Veremos qu\u00e9 sucede con el camino que han emprendido cuando sus actuales l\u00edderes dejen el poder.<\/p>\n<p style=\"text-align: justify\">Nosotros, los espa\u00f1oles, tuvimos nuestro momento en la historia, nuestra \u00e9poca de gloria. Grandes reyes con visi\u00f3n de estado, grandes pol\u00edticos y grande generales, \u2026 pero ahora, \u2026 somos una sombra de lo que fuimos. <a href=\"https:\/\/es.wikipedia.org\/wiki\/Monarqu%C3%ADa_Espa%C3%B1ola\" target=\"_blank\" rel=\"noopener\">Nuestro rey<\/a>, \u00bfManda? \u2013 soy mon\u00e1rquico convencido pero, aunque entiendo que por su cargo nuestro actual monarca est\u00e9 sujeto a ciertas limitaci\u00f3n institucionales, est\u00e1 empezando a preocuparme seriamente su aparente inacci\u00f3n ante ciertas circunstancias que acontecen \u00ab<em>a y en<\/em>\u00bb nuestro preciado pa\u00eds. La propia <a href=\"https:\/\/www.boe.es\/buscar\/act.php?id=BOE-A-1978-31229\" target=\"_blank\" rel=\"noopener\"><em>Constituci\u00f3n<\/em><\/a> a la que tanto alude lo faculta para actuar (<em><a href=\"https:\/\/app.congreso.es\/consti\/constitucion\/indice\/titulos\/articulos.jsp?fin=65&amp;ini=56&amp;tipo=2\" target=\"_blank\" rel=\"noopener\">Art. 56<\/a><\/em>) -. Nuestros l\u00edderes pol\u00edticos, \u00bfse preocupan de hacer crecer nuestro pa\u00eds o m\u00e1s bien de enriquecerse y mantenerse en el poder a costa de expoliar a los ciudadanos que supuestamente gobiernan? \u00a1<a href=\"https:\/\/www.gunner.es\/Blog\/post\/2025\/03\/18\/la-verguenza-de-occidente\" target=\"_blank\" rel=\"noopener\">Qu\u00e9 verg\u00fcenza<\/a>! \u00a1Qu\u00e9 rid\u00edculo m\u00e1s espantoso! \u00bfNo hay ning\u00fan l\u00edder que no tenga alg\u00fan trapo sucio que esconder?<\/p>\n<p style=\"text-align: justify\">Si algo envidio de <em>Donald Trump<\/em>, es que es un pol\u00edtico directo\u2026 lo que promete, lo cumple y es \u00ab<em>amigo<\/em>\u00bb de sus amigos. En su campa\u00f1a electoral sus objetivos fueron claros y, ya una vez en el poder, los est\u00e1 persiguiendo. No le est\u00e1 resultando un camino f\u00e1cil &#8211; lo han intentado ferozmente desacreditar de todas las maneras posibles\u2026 \u00a1putero, mis\u00f3gino, radical, racista! -, pero el respaldo a sus pol\u00edticas y los resultados est\u00e1n ah\u00ed. Ha venido para hacer <em>Am\u00e9rica<\/em> grande de nuevo\u2026 y lo est\u00e1 logrando.<\/p>\n<p style=\"text-align: justify\">\u00bfTomar\u00e1n ejemplo los l\u00edderes europeos o permitir\u00e1n que el estado del bienestar de <em>Occidente<\/em> se vaya deteriorando como ya de hecho lo estamos comprobando en todas las naciones que han abrazado el <a href=\"https:\/\/es.wikipedia.org\/wiki\/Woke\" target=\"_blank\" rel=\"noopener\">wokismo<\/a> y la <a href=\"https:\/\/es.wikipedia.org\/wiki\/Objetivos_de_Desarrollo_Sostenible\" target=\"_blank\" rel=\"noopener\"><em>Agenda 2030<\/em><\/a>? Dejo ah\u00ed la pregunta.<\/p>\n<p style=\"text-align: justify\">En f\u00edn, &#8230; un saludo y hasta el pr\u00f3ximo art\u00edculo, Damas y Caballeros!!!<\/p>\n<p>P.d.: \u00bfTela, verdad? &#8230; \u00a1No he dejado t\u00edtere con cabeza!\u00a0 Pero al menos me he despachado a gusto y seguro que les habr\u00e9 hecho reflexionar. Por \u00faltimo, d\u00e9jenme su opini\u00f3n con un mensaje pulsando sobre el t\u00edtulo de este art\u00edculo y luego bajando hasta la secci\u00f3n de comentarios.<\/p>\n<p>\ud83e\udd14<\/p>\n","protected":false},"excerpt":{"rendered":"<p>Alud\u00ed en las conclusiones de mi anterior art\u00edculo acerca del derecho de China a reinar a la existencia de una figura a la que he denominado \u201cEl amigo americano\u201d, ese \u201cgran\u201d aliado de Occidente. Pens\u00e9 que iba a tardar mucho m\u00e1s en abordar el tema, pero es verano, y como dice la sabidur\u00eda popular \u201ccuando<\/p>\n<p class=\"more-link\"><a href=\"https:\/\/www.gunner.es\/Mil\/index.php\/2025\/08\/22\/el-amigo-americano-hablando-de-trump\/\" class=\"themebutton2\">Read More<\/a><\/p>\n","protected":false},"author":2,"featured_media":0,"comment_status":"open","ping_status":"open","sticky":false,"template":"","format":"standard","meta":{"footnotes":""},"categories":[10,8],"tags":[17,30,31,20],"class_list":["post-2370","post","type-post","status-publish","format-standard","hentry","category-hombre","category-momento","tag-analisis","tag-historia","tag-imperio","tag-politica"],"_links":{"self":[{"href":"https:\/\/www.gunner.es\/Mil\/index.php\/wp-json\/wp\/v2\/posts\/2370","targetHints":{"allow":["GET"]}}],"collection":[{"href":"https:\/\/www.gunner.es\/Mil\/index.php\/wp-json\/wp\/v2\/posts"}],"about":[{"href":"https:\/\/www.gunner.es\/Mil\/index.php\/wp-json\/wp\/v2\/types\/post"}],"author":[{"embeddable":true,"href":"https:\/\/www.gunner.es\/Mil\/index.php\/wp-json\/wp\/v2\/users\/2"}],"replies":[{"embeddable":true,"href":"https:\/\/www.gunner.es\/Mil\/index.php\/wp-json\/wp\/v2\/comments?post=2370"}],"version-history":[{"count":55,"href":"https:\/\/www.gunner.es\/Mil\/index.php\/wp-json\/wp\/v2\/posts\/2370\/revisions"}],"predecessor-version":[{"id":2783,"href":"https:\/\/www.gunner.es\/Mil\/index.php\/wp-json\/wp\/v2\/posts\/2370\/revisions\/2783"}],"wp:attachment":[{"href":"https:\/\/www.gunner.es\/Mil\/index.php\/wp-json\/wp\/v2\/media?parent=2370"}],"wp:term":[{"taxonomy":"category","embeddable":true,"href":"https:\/\/www.gunner.es\/Mil\/index.php\/wp-json\/wp\/v2\/categories?post=2370"},{"taxonomy":"post_tag","embeddable":true,"href":"https:\/\/www.gunner.es\/Mil\/index.php\/wp-json\/wp\/v2\/tags?post=2370"}],"curies":[{"name":"wp","href":"https:\/\/api.w.org\/{rel}","templated":true}]}}