{"id":1376,"date":"2023-05-23T18:33:14","date_gmt":"2023-05-23T17:33:14","guid":{"rendered":"http:\/\/www.gunner.es\/Mil\/?p=1376"},"modified":"2023-09-12T18:48:12","modified_gmt":"2023-09-12T17:48:12","slug":"el-cementerio-aleman","status":"publish","type":"post","link":"https:\/\/www.gunner.es\/Mil\/index.php\/2023\/05\/23\/el-cementerio-aleman\/","title":{"rendered":"El cementerio alem\u00e1n!!!"},"content":{"rendered":"<p><a href=\"https:\/\/www.gunner.es\/Mil\/wp-content\/uploads\/2023\/05\/MG_8750-4.jpg\" target=\"_blank\" rel=\"noopener\"><img loading=\"lazy\" decoding=\"async\" class=\"aligncenter wp-image-1387\" src=\"https:\/\/www.gunner.es\/Mil\/wp-content\/uploads\/2023\/05\/MG_8750-3-1.jpg\" alt=\"\" width=\"770\" height=\"522\" srcset=\"https:\/\/www.gunner.es\/Mil\/wp-content\/uploads\/2023\/05\/MG_8750-3-1.jpg 827w, https:\/\/www.gunner.es\/Mil\/wp-content\/uploads\/2023\/05\/MG_8750-3-1-300x204.jpg 300w, https:\/\/www.gunner.es\/Mil\/wp-content\/uploads\/2023\/05\/MG_8750-3-1-768x521.jpg 768w\" sizes=\"auto, (max-width: 770px) 100vw, 770px\" \/><\/a><\/p>\n<p style=\"text-align: justify\">Buenos d\u00edas\/tardes\\noches de nuevo mis ilustres lectores. !Encantado de verles de nuevo por estos lares!<\/p>\n<p style=\"text-align: justify\">Como recordar\u00e1n hace unos meses publiqu\u00e9 un art\u00edculo acerca de mi visita al <a href=\"https:\/\/es.wikipedia.org\/wiki\/Cementerio_y_monumento_estadounidense_de_Luxemburgo\" target=\"_blank\" rel=\"noopener\">cementerio americano de <em>Luxemburgo<\/em><\/a>, lo titulaba \u201c<a href=\"https:\/\/www.gunner.es\/Mil\/index.php\/2022\/09\/17\/to-all-that-suffered\/\" target=\"_blank\" rel=\"noopener\"><em>To all that suffered<\/em><\/a>!!!\u201d &#8211; lectura previa necesaria muy <a href=\"https:\/\/www.gunner.es\/Mil\/index.php\/2022\/09\/17\/to-all-that-suffered\/\" target=\"_blank\" rel=\"noopener\">recomendada<\/a> y sin duda <a href=\"https:\/\/www.gunner.es\/Mil\/index.php\/2022\/09\/17\/to-all-that-suffered\/\" target=\"_blank\" rel=\"noopener\">complementaria<\/a> para entender el por qu\u00e9 y el desarrollo de este nuevo art\u00edculo -. En \u00e9l, mencionaba que me rest\u00f3 por visitar el cercano cementerio del bando alem\u00e1n. Me lo \u201capunt\u00e9\u201d para una futura visita&#8230; Pues bien, a veces el azar te hace recorrer caminos insospechados \u2013 quiz\u00e1 destinados a cruzarse &#8211; que de manera accidental acaban haci\u00e9ndote cumplir esos objetivos a los aspirabas a alcanzar alg\u00fan d\u00eda.<\/p>\n<p style=\"text-align: justify\">Como el <a href=\"https:\/\/es.wikipedia.org\/wiki\/Yin_y_yang\" target=\"_blank\" rel=\"noopener\"><em>Ying<\/em> y el <em>Yang<\/em><\/a>, como el blanco y el negro, como la cara y la cruz, considero que para formarse una opini\u00f3n sobre cualquier conflicto &#8211; ya sea personal, filos\u00f3fico, pol\u00edtico o militar &#8211; es necesario tener en cuenta todas las versiones de las facciones que participan en la cuesti\u00f3n a dirimir. Hilando con el tema de hoy, como ya os di mi opini\u00f3n sobre la forma en que el <a href=\"https:\/\/es.wikipedia.org\/wiki\/Ej%C3%A9rcito_de_los_Estados_Unidos\" target=\"_blank\" rel=\"noopener\">Ej\u00e9rcito Americano<\/a> honr\u00f3 a sus ca\u00eddos, corresponde ahora hacer los honores relatando la inesperada visita que hice al camposanto alem\u00e1n ubicado a las afueras de <a href=\"https:\/\/es.wikipedia.org\/wiki\/Cuacos_de_Yuste\" target=\"_blank\" rel=\"noopener\"><em>Cuacos de Yuste<\/em><\/a> (<a href=\"https:\/\/es.wikipedia.org\/wiki\/Provincia_de_C%C3%A1ceres\" target=\"_blank\" rel=\"noopener\"><em>C\u00e1ceres<\/em><\/a>).<\/p>\n<p style=\"text-align: justify\">Antes les hice referencia a mi art\u00edculo previo, no voy a tratar de repetir su esquema, pero evidentemente establecer\u00e9 ciertas analog\u00edas. Pasen pues y lean, aunque\u2026 en esta ocasi\u00f3n empezar\u00e9 por las conclusiones.<\/p>\n<blockquote><p>Mi conclusi\u00f3n, \u2026 no es mal lugar para que tus huesos reposen como \u00faltima morada.<\/p><\/blockquote>\n<p style=\"text-align: justify\">Tengo poco o ning\u00fan ansia por morir\u2026 La vida es a veces dura y complicada\u2026 enfermedades, guerra, problemas, pobreza, racismo, contaminaci\u00f3n, etc, pero&#8230; no me negar\u00e1n que tiene cosas hermosas\u2026 enamorarse, la paz, aprender y progresar, el arte, la familia, los amigos, una puesta de sol, una sonrisa, el abrazo de un ni\u00f1o, &#8230; En cualquier caso, tarde o temprano el viaje llega a su fin y a veces &#8211; en nuestro texto de hoy, por culpa de la guerra &#8211; de la peor manera posible. En esos casos lo que queda de uno puede llegar a acabar en un camposanto similar al que os presento en este art\u00edculo.<\/p>\n<p style=\"text-align: justify\"><strong>En contexto.<\/strong><\/p>\n<p style=\"text-align: justify\">\u00a1<em>Cuacos de Yuste<\/em>!, \u00bfQu\u00e9 pueblo?, \u00bfQu\u00e9 nombre m\u00e1s curioso y\/o at\u00edpico? \u00bfQui\u00e9n dir\u00eda que guarda tales tesoros como los que cobija?<\/p>\n<p style=\"text-align: justify\">Fui all\u00ed acompa\u00f1ado de personas maravillosas, sin tener muy claro a donde iba ni qu\u00e9 iba a encontrar, simplemente me dej\u00e9 llevar. La idea: Visitar el <a href=\"https:\/\/www.patrimonionacional.es\/visita\/monasterio-de-san-jeronimo-de-yuste\" target=\"_blank\" rel=\"noopener\"><em>Monasterio de Yuste<\/em><\/a>, casa palacio en la que se aloj\u00f3 y muri\u00f3 <a href=\"https:\/\/es.wikipedia.org\/wiki\/Carlos_I_de_Espa%C3%B1a\" target=\"_blank\" rel=\"noopener\"><em>Carlos I de Espa\u00f1a<\/em> <\/a>y <em>V<\/em> del <a href=\"https:\/\/es.wikipedia.org\/wiki\/Sacro_Imperio_Romano_Germ%C3%A1nico\" target=\"_blank\" rel=\"noopener\"><em>Sacro Imperio Romano Germ\u00e1nico<\/em><\/a> tras su abdicaci\u00f3n. Est\u00e1 situado a las afueras de Cuacos, en la <a href=\"https:\/\/www.comarcadelavera.com\/\" target=\"_blank\" rel=\"noopener\">comarca de <em>La Vera<\/em><\/a>, al noreste de la provincia de <em>C\u00e1ceres<\/em>.<\/p>\n<p style=\"text-align: justify\">Durante el camino desde <a href=\"https:\/\/es.wikipedia.org\/wiki\/Villanueva_de_la_Vera\" target=\"_blank\" rel=\"noopener\"><em>Villanueva de la Vera<\/em><\/a> a <em>Cuacos<\/em>, mis acompa\u00f1antes mencionaron las palabras \u201ccementerio alem\u00e1n\u201d \u2026 Autom\u00e1ticamente vinieron a mi mente ideas como \u201c<a href=\"https:\/\/es.wikipedia.org\/wiki\/Guerra_civil_espa%C3%B1ola\" target=\"_blank\" rel=\"noopener\">Guerra civil<\/a>\u201d, \u201c<a href=\"https:\/\/es.wikipedia.org\/wiki\/Espa%C3%B1a\" target=\"_blank\" rel=\"noopener\"><em>Espa\u00f1a<\/em><\/a>\u201d, \u201cconflicto\u201d, \u201crespuestas\u201d, \u201cmuerte\u201d, \u201cdescanso\u201d, \u201cenerg\u00edas\u201d \u2026 y mi \u201cdeuda\u201d pendiente con <a href=\"https:\/\/es.wikipedia.org\/wiki\/Luxemburgo_(ciudad)\" target=\"_blank\" rel=\"noopener\"><em>Luxemburgo<\/em><\/a>. Ten\u00eda que visitarlo, s\u00ed o s\u00ed, aunque fuese una visita corta y as\u00ed se lo expres\u00e9 a mis tres compa\u00f1eras de viaje. Aceptaron\u2026 quiz\u00e1 no de muy buen grado\u2026 pero aceptaron \u2013 Entiendo que a nadie se le hace plato de buen gusto visitar un cementerio -.<\/p>\n<p style=\"text-align: justify\"><strong>Impresi\u00f3n.<\/strong><\/p>\n<p style=\"text-align: justify\">Estando all\u00ed comprend\u00ed por qu\u00e9 <em>Carlos V<\/em> decidi\u00f3 elegir ese lugar para pasar sus \u00faltimos d\u00edas\u2026 Situado en las faldas de la monta\u00f1a, rodeado de luz y de verde, \u2026 ya de por si el entorno natural lo hace digno de ser visitado. Enclavado en un emplazamiento privilegiado, el agua, abundante en esta comarca cacere\u00f1a, junto con las extensas arboledas convierten la zona en un paraje id\u00edlico para disfrutarlo en cualquier \u00e9poca del a\u00f1o.<\/p>\n<p style=\"text-align: justify\">El acceso al recinto, al algo estrecho y nada suntuoso, no permit\u00eda adivinar qu\u00e9 se encontraba tras sus puertas. Cuenta con una cuidada arquitectura y un dise\u00f1o que refleja el estilo propio de los cementerios militares alemanes de la \u00e9poca. Presenta una est\u00e9tica sobria y ordenada, con filas de l\u00e1pidas de granito que exhiben los nombres, rangos y fechas de fallecimiento de los soldados. Adem\u00e1s, se encuentra rodeado por un muro de piedra y cuenta con una peque\u00f1a capilla.<\/p>\n<p style=\"text-align: justify\">Es importante destacar que el cementerio de <em>Cuacos de Yuste<\/em> es un lugar de conmemoraci\u00f3n y recuerdo para los ca\u00eddos, donde se honra la memoria de los soldados alemanes. No solo es un espacio de valor hist\u00f3rico, sino tambi\u00e9n un recordatorio de los horrores y las consecuencias de la guerra.<\/p>\n<p style=\"text-align: justify\">Al llegar all\u00ed lo primero que pude ver fue el r\u00f3tulo de bronce al pie de la escalinata de acceso, con una leyenda que reza:<\/p>\n<p style=\"text-align: justify\">\u201cEn este cementerio de soldados descansan <u>26<\/u> soldados de la <a href=\"https:\/\/es.wikipedia.org\/wiki\/Primera_Guerra_Mundial\" target=\"_blank\" rel=\"noopener\">Primera Guerra Mundial<\/a> y <u>154<\/u> de la <a href=\"https:\/\/es.wikipedia.org\/wiki\/Segunda_Guerra_Mundial\" target=\"_blank\" rel=\"noopener\">Segunda Guerra Mundial<\/a>. Pertenecieron a tripulaciones de aviones que cayeron sobre Espa\u00f1a, submarinos y otros nav\u00edos de la armada hundidos. Algunos de ellos murieron en hospitales espa\u00f1oles a causa de sus heridas. Sus tumbas estaban repartidas por toda Espa\u00f1a, all\u00ed donde el mar los arroj\u00f3 a tierra, donde cayeron sus aviones o donde murieron. El <a href=\"https:\/\/www.volksbund.de\/\" target=\"_blank\" rel=\"noopener\"><em>Volksbund<\/em><\/a> en los a\u00f1os 1980\u20131983 los reuni\u00f3 en esta \u00faltima morada inaugurada en presencia del embajador de la<a href=\"https:\/\/es.wikipedia.org\/wiki\/Alemania_Occidental\" target=\"_blank\" rel=\"noopener\"><em> Rep\u00fablica Federal de Alemania<\/em><\/a> en un acto conmemorativo hispano-alem\u00e1n el 1 de junio de 1983. Recordad a los muertos con profundo respeto y humildad.\u201d<\/p>\n<p style=\"text-align: justify\">Muy significativo el texto\u2026 si lo analizan obtendr\u00e1n al menos varias conclusiones:<\/p>\n<ul style=\"text-align: justify\">\n<li>Se trata de soldados ca\u00eddos en la primera y segunda guerras mundiales. M\u00e1s all\u00e1 de las operaciones de la <a href=\"https:\/\/es.wikipedia.org\/wiki\/Legi%C3%B3n_C%C3%B3ndor\" target=\"_blank\" rel=\"noopener\"><em>Legi\u00f3n Condor<\/em><\/a> alemana durante nuestra Guerra Civil, desconoc\u00eda que alguna misi\u00f3n de combate de la primera guerra mundial hubiese tenido lugar en las proximidades de territorio espa\u00f1ol &#8211; cuesti\u00f3n que investigar\u00e9 en cuanto pueda -. En cualquier caso aunque nuestro pa\u00eds se mantuvo en una conveniente posici\u00f3n de neutralidad, no cabe duda que t\u00e1citamente sirvi\u00f3 a a <a href=\"https:\/\/es.wikipedia.org\/wiki\/Alemania_Occidental\" target=\"_blank\" rel=\"noopener\"><em>Alemania<\/em><\/a> de trampol\u00edn o zona de paso durante el transcurso de las hostilidades.<\/li>\n<li>La mayor\u00eda de los ca\u00eddos son pilotos de la Luftwaffe. Investigando, muchos de ellos fueron la tripulaci\u00f3n de bombarderos que atacaban convoyes mar\u00edtimos de transporte y cuyos cuerpos acabaron apareciendo en las costas espa\u00f1olas. Investigando para documentarme algunos de los aparatos fueron los famosos <a href=\"https:\/\/es.wikipedia.org\/wiki\/Dornier_Do_217\" target=\"_blank\" rel=\"noopener\"><em>Dornier Do-217<\/em><\/a>, <em><a href=\"https:\/\/es.wikipedia.org\/wiki\/Heinkel_He_111\" target=\"_blank\" rel=\"noopener\">Heinkel He-111<\/a>,\u00a0<\/em><a href=\"https:\/\/es.wikipedia.org\/wiki\/Focke-Wulf_Fw_200\" target=\"_blank\" rel=\"noopener\"><em>Focke Wulf Fw-200 Condor\u00a0<\/em><\/a> o los <a href=\"https:\/\/es.wikipedia.org\/wiki\/Junkers_Ju_88\" target=\"_blank\" rel=\"noopener\"><em>Junkers Ju-88<\/em><\/a>, todos aviones muy vers\u00e1tiles. Estos dos \u00faltimos aparatos ostentaron en su \u00e9poca r\u00e9cords de distancia y velocidad respectivamente.<\/li>\n<li>Cayeron u operaron a lo largo del territorio y costas de toda la geograf\u00eda nacional, al igual que la <em>Legi\u00f3n Condor<\/em>, que lo hizo desde diversos aer\u00f3dromos de campa\u00f1a. Como documentaci\u00f3n adicional les recomiendo el excelente libro \u201c<a href=\"https:\/\/www.unoeditorial.com\/libros\/sol-y-moscas\/\" target=\"_blank\" rel=\"noopener\"><em>Sol y Moscas<\/em>\u201d de <em>Manuel Parrilla Gil<\/em><\/a> \u2013 del que poseo un ejemplar dedicado por el propio autor -, una interesante referencia para conocer su intervenci\u00f3n alemana en el conflicto espa\u00f1ol y la web <a href=\"http:\/\/incidentessgm.blogspot.com\/\" target=\"_blank\" rel=\"noopener\">http:\/\/incidentessgm.blogspot.com<\/a>, donde se recopila abundante documentaci\u00f3n al respecto clasificada por tipo de aparato.<\/li>\n<li>A pesar de lo controvertido de lo all\u00ed reunido, la pol\u00edtica es capaz de mover los hilos con la suficiente fuerza como para superar todos los rencores, barreras y reticencias hist\u00f3ricas cuando el motivo lo \u201cjustifica\u201d &#8211; lo entrecomillo porque a veces las motivaciones son bastante peregrinas -. Trasladar los ca\u00eddos de cualquier bando desde sus lugares de enterramiento originales a un destino definitivo ha estado siempre sujeto a no pocas pol\u00e9micas y de hecho sigue ocurriendo hoy d\u00eda &#8211; l\u00e9ase el caso de todo lo relacionado con ciertos personajes de nuestra Guerra Civil -. Ello sugiere lo impresionante de la maquinara pol\u00edtica puesta en funcionamiento para lograrlo.<\/li>\n<\/ul>\n<p style=\"text-align: justify\"><strong>Vigilancia.<\/strong><\/p>\n<p style=\"text-align: justify\">Sorprendente\u2026 al contrario que en el americano,&#8230; ni fornidos guardias, ni vigilantes jurado controlando el recinto, ni altas verjas protegiendo el per\u00edmetro, ni doradas \u00e1guilas alemanas flanqueando la entrada\u2026 nada\u2026 absoluta libertad\u2026 tan solo algunas aves apostadas en las ramas de los \u00e1rboles cercanos, observando curiosamente a todos aquellos que se acercaban a curiosear, alg\u00fan que otro visitante ocasional y una anciana \u2013 probablemente familiar de alguno de los soldados fallecidos &#8211; sentada en un banco a la sombra &#8211; Dudo que formase parte del equipo de custodia del cementerio -.<\/p>\n<p style=\"text-align: justify\">Esa aparente ausencia de supervisi\u00f3n, por una parte, me indujo una clara sensaci\u00f3n de libertad, pero me consta que por contra ha permitido en que en <a href=\"https:\/\/www.hoy.es\/prov-caceres\/vandalismo-cementerio-aleman-20190405140608-nt.html\" target=\"_blank\" rel=\"noopener\">m\u00e1s de una ocasi\u00f3n vandalizasen sus l\u00e1pidas<\/a>\u2026<\/p>\n<blockquote><p>\u00bfCu\u00e1ndo aprenderemos a dejar en paz a los muertos? Ellos ya pagaron.<\/p><\/blockquote>\n<p style=\"text-align: justify\"><strong>El soldado.<\/strong><\/p>\n<p style=\"text-align: justify\">Al igual que hice en el art\u00edculo sobre el cementerio americano, eleg\u00ed un soldado en el que fijarme por si en un futuro tuviese la intenci\u00f3n de escribir un art\u00edculo similar \u2013 finalmente esa idea se ha materializado en este post que est\u00e1n leyendo -. Me fij\u00e9 en varios, tambi\u00e9n en las l\u00e1pidas de los soldados desconocidos \u201c<em>Ein unbekannter Deutcher Soldat<\/em>\u201d, e incluso en la de alg\u00fan soldado italiano, pero finalmente me decid\u00ed por <em>Hans M\u00f6eller<\/em>. \u00bfEl motivo?: <strong><em>Marta<\/em><\/strong>.<\/p>\n<p style=\"text-align: justify\">Alguien, una mujer&#8230;. Vaya, &#8230; era la \u00fanica tumba adornada con una hermosa flor &#8211; reciente, a\u00fan estaba fresca &#8211; como presente al fallecido.<\/p>\n<p style=\"text-align: justify\">He buscado informaci\u00f3n acerca de \u00e9l, &#8230; tambi\u00e9n, como en el caso del soldado americano, apenas nada, tan solo que el 24 de marzo de 1943, su avi\u00f3n, un<a href=\"http:\/\/incidentessgm.blogspot.com\/search\/label\/Focke%20Wulf%20Fw%20200%20C%C3%B3ndor\" target=\"_blank\" rel=\"noopener\"><em> Fw Condor<\/em> (Wnr. 0192 F8+ER del 7\/Kg40)<\/a> cay\u00f3. Los cuerpos de cuatro de sus tripulantes fueron apareciendo en la costa vasca durante el mes siguiente y se dieron por desaparecidos a dos.<\/p>\n<ul style=\"text-align: justify\">\n<li>Feld.<em> Georg Market<\/em> &#8211; Copiloto &#8211; Cuacos de Yuste, A, 046<\/li>\n<li>Uffz. <em>Hans M\u00f6eller<\/em> &#8211; Radio &#8211; Cuacos de Yuste, A, 043<\/li>\n<li>Ofel. <em>Hans M\u00fcller<\/em> &#8211; Mec\u00e1nico &#8211; Cuacos de Yuste, A, 041<\/li>\n<li>Uffz. <em>Harald Santler<\/em> &#8211; 2\u00ba Radio &#8211; Cuacos de Yuste, A, 045<\/li>\n<li>Ofw. <em>Werner Bock<\/em> &#8211; Piloto &#8211; Desaparecido<\/li>\n<li>Ogfr. <em>Walter Rettke<\/em> &#8211; Artillero &#8211; Desaparecido<\/li>\n<\/ul>\n<p style=\"text-align: justify\">Un simple operador de radio, &#8230; <em>Hans M\u00f6eller<\/em> fue un simple operador de radio, haciendo su trabajo al servicio del pa\u00eds que lo vio nacer. Pago con su sangre ese trabajo. El paso del tiempo se ha tragado su recuerdo y su vida&#8230; Para todos excepto para ella. Para <em>Marta<\/em>.<\/p>\n<p style=\"text-align: justify\">Algo muy intenso debe de vincularlos. \u00bfQu\u00e9? Lo desconozco, aunque me gustar\u00eda saberlo.<\/p>\n<p style=\"text-align: justify\">Una preciosa flor, colocada con esmero en un cuenco con una precisa lazada y un dibujo de un coraz\u00f3n atravesado por una flecha \u2013 si pulsan sobre la imagen que ilustra este post, podr\u00e1n comprobarlo ustedes mismos -. Desconozco quien es esa <strong><em>Marta<\/em><\/strong>, ni su relaci\u00f3n con el ca\u00eddo. Pero estoy seguro de que a \u00e9l le habr\u00eda reconfortado la idea de saber que alguien a\u00fan lo recordaba y lo honraba de tan bella manera a pesar del tiempo transcurrido.<\/p>\n<p style=\"text-align: justify\"><strong>Esp\u00edritu y Energ\u00edas.<\/strong><\/p>\n<p style=\"text-align: justify\">Muy al contrario que en el <a href=\"https:\/\/www.gunner.es\/Mil\/index.php\/2022\/09\/17\/to-all-that-suffered\/\" target=\"_blank\" rel=\"noopener\"><em>Cementerio Americano<\/em><\/a>, en la que a pesar de la sensaci\u00f3n de profundo respeto todo me pareci\u00f3 una magn\u00edfica puesta en escena, pero de clara artificiosidad, sal\u00ed del cementerio alem\u00e1n con una sensaci\u00f3n de naturalidad, calma y paz interior que me sorprendi\u00f3.<\/p>\n<p style=\"text-align: justify\">No s\u00e9 si fue el entorno&#8230; si la c\u00e1lida luz azul que ba\u00f1aba el camposanto&#8230; si el refrescante sonido del agua o quiz\u00e1 el dulce canto de los p\u00e1jaros, pero el ambiente sin duda invitaba al reposo y a la relajaci\u00f3n.<\/p>\n<p style=\"text-align: justify\">\u00bfNo les he hablado de la compa\u00f1\u00eda con la que acud\u00ed all\u00ed, \u00bfverdad?, pero ahora viene al caso. Dos de ellas, personas con una especial sensibilidad hacia todo lo relacionado con la espiritualidad y las energ\u00edas del ser humano, coincidieron conmigo en la sensaci\u00f3n de paz que se respiraba en el lugar.<\/p>\n<p style=\"text-align: justify\">Me result\u00f3 muy curioso lo que me dijo una de ellas al marcharnos de all\u00ed.<\/p>\n<blockquote><p>No me gusta venir a estos lugares, <em>\u00c1ngel<\/em>. He estado en otros sitios y lo he pasado francamente mal. En alguna ocasi\u00f3n me he tenido que marchar de all\u00ed, pero en este recinto no he tenido ning\u00fan miedo. Muy al contrario, todo me invita a quedarme.<\/p><\/blockquote>\n<p style=\"text-align: justify\">Pens\u00e9 que quiz\u00e1 los ca\u00eddos se encontraban a gusto esa su \u00faltima morada final, por ello daban su t\u00e1cita aprobaci\u00f3n, y \u2026 esa energ\u00eda&#8230; emanaba de la tierra.<\/p>\n<p style=\"text-align: justify\">Conf\u00edo en que si alguno de ustedes viaja por la zona y se decide a visitarlo confirme si regresan con la misma impresi\u00f3n que les narro.<\/p>\n<p style=\"text-align: justify\"><strong>Ep\u00edlogo.<\/strong><\/p>\n<p style=\"text-align: justify\">Como conclusi\u00f3n, puedo constatar que el cementerio alem\u00e1n de <em>Cuacos de Yuste<\/em> es un apropiado testimonio tangible de la participaci\u00f3n alemana en la Segunda Guerra Mundial y representa un punto de inter\u00e9s tanto para aquellos interesados en la historia militar como para quienes buscan comprender el legado y las consecuencias de este conflicto.<\/p>\n<p style=\"text-align: justify\">Es curioso, &#8230; si lo piensan bien, \u2026 Tanto el imperio espa\u00f1ol de <em>Carlos V<\/em> como el pretendido imperio alem\u00e1n que <a href=\"https:\/\/es.wikipedia.org\/wiki\/Adolf_Hitler\" target=\"_blank\" rel=\"noopener\"><em>Adolf Hitler<\/em><\/a> quiso edificar cayeron. Todos los imperios caen, v\u00edctima de sus propias soberbias, estruendosamente, con la dolorosa p\u00e9rdida de vidas y territorios\u2026 <a href=\"https:\/\/es.wikipedia.org\/wiki\/Occidente\" target=\"_blank\" rel=\"noopener\"><em>Occidente<\/em><\/a> caer\u00e1 \u2013 algo se intuye en el horizonte -, esperemos que no tan estruendosamente como lo hicieron estos y me pregunto:<\/p>\n<blockquote><p><span class=\"NormalTextRun SCXW99890824 BCX0\">\u00bf<\/span><span class=\"NormalTextRun SCXW99890824 BCX0\">Por qu\u00e9<\/span><span class=\"NormalTextRun SCXW99890824 BCX0\"> caen los imperios?<\/span> \u00bfLucharemos para que no caiga? \u00bfQu\u00e9 nuevo imperio lo sustituir\u00e1? \u00bfEn qu\u00e9 nos afectar\u00e1? \u00bfC\u00f3mo ser\u00e1 nuestra vida entonces?<\/p><\/blockquote>\n<p style=\"text-align: justify\">\u00a1Demasiadas preguntas por contestar!<\/p>\n<p style=\"text-align: justify\">Probablemente lo haga el <a href=\"https:\/\/es.wikipedia.org\/wiki\/Mundo_isl%C3%A1mico\" target=\"_blank\" rel=\"noopener\">mundo isl\u00e1mico<\/a> &#8211; quiz\u00e1 <a href=\"https:\/\/es.wikipedia.org\/wiki\/Turqu%C3%ADa\" target=\"_blank\" rel=\"noopener\"><em>Turqu\u00eda<\/em><\/a> que est\u00e1 firmemente empe\u00f1ada en resucitar el <a href=\"https:\/\/es.wikipedia.org\/wiki\/Imperio_otomano\" target=\"_blank\" rel=\"noopener\"><em>Imperio Otomano<\/em><\/a> -. No se andan con in\u00fatiles remilgos ni est\u00fapidos buen\u00edsimos. <a href=\"https:\/\/es.wikipedia.org\/wiki\/Rep%C3%BAblica_Popular_China\" target=\"_blank\" rel=\"noopener\"><em>China<\/em><\/a> lo sabe y creo que por eso mantiene al <a href=\"https:\/\/es.wikipedia.org\/wiki\/Etnia_uigur\" target=\"_blank\" rel=\"noopener\">pueblo <em>Uigur<\/em><\/a> sujeto con mano firme.<\/p>\n<p style=\"text-align: justify\">\u00bfQu\u00e9 opinan ustedes?<\/p>\n<p style=\"text-align: justify\">Antes de marcharme del lugar, apagu\u00e9 mi c\u00e1mara <a href=\"https:\/\/www.canon.es\/cameras\/eos-rp\/\" target=\"_blank\" rel=\"noopener\"><em>Canon<\/em><\/a>, le coloqu\u00e9 el protector de lente, la guard\u00e9 en su mochila, y me acerqu\u00e9 al banco a la sombra a sentarme tranquilo para echarle un \u00faltimo vistazo al recinto. Me sent\u00e9, cerr\u00e9 un segundo los ojos, respir\u00e9 y me qued\u00e9 un minuto junto a la anciana. Me desped\u00ed de ella y me march\u00e9 junto con mis compa\u00f1eras.<\/p>\n<p style=\"text-align: justify\">Al reunirme con mis compa\u00f1eras comentaron:<\/p>\n<p style=\"padding-left: 40px;text-align: justify\">&#8211; Se te notaba a gusto y c\u00f3modo all\u00ed sentado a la sombra.<\/p>\n<p style=\"padding-left: 40px;text-align: justify\">&#8211; Si, agradec\u00ed la sombra, la suave brisa y que la se\u00f1ora se apartase un poco para dejarme un lado. Quise permanecer all\u00ed un momento pensando.<\/p>\n<p style=\"padding-left: 40px;text-align: justify\">&#8211; \u00bfSe\u00f1ora?, \u00bfQu\u00e9 se\u00f1ora? Estabas all\u00ed solo, como meditando.<\/p>\n<p style=\"padding-left: 40px;text-align: justify\">&#8211; \u00bfSolo?, \u00bfno la visteis?<\/p>\n<p style=\"text-align: justify\">Prefer\u00ed, no a\u00f1adir nada m\u00e1s, simplemente nos marchamos&#8230; pero ahora me pregunto qu\u00e9 ocurri\u00f3 durante ese minuto de soledad, qui\u00e9n o qu\u00e9 era esa anciana que estaba all\u00ed junto a m\u00ed &#8230; \u00bflo so\u00f1\u00e9? \u00bfun esp\u00edritu? \u00bf<em>Marta<\/em>?<\/p>\n<p style=\"text-align: justify\">Morir puede convertirse en el final de todo, pero tambi\u00e9n hacer eterno el recuerdo de lo que una vez fuimos. Esperemos que los dos bandos hayan tomado nota de lo que ocurri\u00f3, y del dolor y la sangre vertida con la que regaron los campos de batalla de una <a href=\"https:\/\/es.wikipedia.org\/wiki\/Europa\" target=\"_blank\" rel=\"noopener\"><em>Europa<\/em><\/a> que, como hoy, vive m\u00e1s separada que unida. Estoy seguro de que ninguno de ellos pensaba que se convertir\u00edan en recuerdos mudos de los desastres de la guerra \u2013 por muy hermosos y simb\u00f3licos que sean sus lugares de acogida final -.<\/p>\n<p style=\"text-align: justify\">Como reza la leyenda de la placa\u2026 me despido, de ustedes por hoy y de los ca\u00eddos del bando alem\u00e1n por siempre, con profundo respeto y humildad.<\/p>\n<p style=\"text-align: justify\">Un saludo, Damas y Caballeros.<\/p>\n<p style=\"text-align: justify\">P.d.: Investigando y document\u00e1ndome para el art\u00edculo &#8211; mi agradecimiento a las fuentes &#8211; descubr\u00ed que justo al lado de la tumba de <em>Hans M\u00f6eller<\/em>, est\u00e1 la de <em>Otto Hartman<\/em> &#8211; se aprecia justo a la derecha de la imagen -, joven comandante de 26 a\u00f1os del submarino <em>U-77<\/em> cuya <a href=\"https:\/\/uboat.net\/men\/commanders\/424.html\" target=\"_blank\" rel=\"noopener\">vida y hundimiento est\u00e1 abundantemente documentados<\/a>, quiz\u00e1 deb\u00eda haberles hablado tambi\u00e9n de \u00e9l, pero no quer\u00eda extenderme demasiado. Les animo a investigarlo. Nos volvemos a leer pronto, esta vez con un art\u00edculo algo m\u00e1s t\u00e9cnico que \u00abfilos\u00f3fico\u00bb!!!<\/p>\n<p style=\"text-align: justify\">\ud83d\ude44<\/p>\n","protected":false},"excerpt":{"rendered":"<p>Buenos d\u00edas\/tardes\\noches de nuevo mis ilustres lectores. !Encantado de verles de nuevo por estos lares! Como recordar\u00e1n hace unos meses publiqu\u00e9 un art\u00edculo acerca de mi visita al cementerio americano de Luxemburgo, lo titulaba \u201cTo all that suffered!!!\u201d &#8211; lectura previa necesaria muy recomendada y sin duda complementaria para entender el por qu\u00e9 y el<\/p>\n<p class=\"more-link\"><a href=\"https:\/\/www.gunner.es\/Mil\/index.php\/2023\/05\/23\/el-cementerio-aleman\/\" class=\"themebutton2\">Read More<\/a><\/p>\n","protected":false},"author":2,"featured_media":0,"comment_status":"open","ping_status":"open","sticky":false,"template":"","format":"standard","meta":{"footnotes":""},"categories":[10,8],"tags":[17,19,27,23,31],"class_list":["post-1376","post","type-post","status-publish","format-standard","hentry","category-hombre","category-momento","tag-analisis","tag-conflicto","tag-fallecidos","tag-guerra","tag-imperio"],"_links":{"self":[{"href":"https:\/\/www.gunner.es\/Mil\/index.php\/wp-json\/wp\/v2\/posts\/1376","targetHints":{"allow":["GET"]}}],"collection":[{"href":"https:\/\/www.gunner.es\/Mil\/index.php\/wp-json\/wp\/v2\/posts"}],"about":[{"href":"https:\/\/www.gunner.es\/Mil\/index.php\/wp-json\/wp\/v2\/types\/post"}],"author":[{"embeddable":true,"href":"https:\/\/www.gunner.es\/Mil\/index.php\/wp-json\/wp\/v2\/users\/2"}],"replies":[{"embeddable":true,"href":"https:\/\/www.gunner.es\/Mil\/index.php\/wp-json\/wp\/v2\/comments?post=1376"}],"version-history":[{"count":47,"href":"https:\/\/www.gunner.es\/Mil\/index.php\/wp-json\/wp\/v2\/posts\/1376\/revisions"}],"predecessor-version":[{"id":1518,"href":"https:\/\/www.gunner.es\/Mil\/index.php\/wp-json\/wp\/v2\/posts\/1376\/revisions\/1518"}],"wp:attachment":[{"href":"https:\/\/www.gunner.es\/Mil\/index.php\/wp-json\/wp\/v2\/media?parent=1376"}],"wp:term":[{"taxonomy":"category","embeddable":true,"href":"https:\/\/www.gunner.es\/Mil\/index.php\/wp-json\/wp\/v2\/categories?post=1376"},{"taxonomy":"post_tag","embeddable":true,"href":"https:\/\/www.gunner.es\/Mil\/index.php\/wp-json\/wp\/v2\/tags?post=1376"}],"curies":[{"name":"wp","href":"https:\/\/api.w.org\/{rel}","templated":true}]}}